{"id":3846,"date":"2013-08-18T19:37:56","date_gmt":"2013-08-18T18:37:56","guid":{"rendered":"http:\/\/www.eva.sundstrom.st\/?p=3846"},"modified":"2013-08-18T19:37:56","modified_gmt":"2013-08-18T18:37:56","slug":"helgen-som-gatt","status":"publish","type":"post","link":"https:\/\/eva.sundstrom.st\/?p=3846","title":{"rendered":"Helgen som g\u00e5tt!"},"content":{"rendered":"<p>H\u00e4r har varit en lugn och sk\u00f6n helg. \u00c4gnat en hel del tid \u00e5t spinnrocken, b\u00e5de kaninull och lin. P\u00e5 stickfronten \u00e4r, enligt f\u00f6reg\u00e5ende inl\u00e4gg,  ett projekt klart och ett nytt p\u00e5b\u00f6rjat. \u00c4r lite orolig f\u00f6r att garnet inte r\u00e4cker.<br \/>\nFredagsv\u00e4dret var bra och likas\u00e5 i l\u00f6rdags. I dag har det bl\u00e5st en hel del och kommit en o annan regnskur. Klarnade \u00e4nd\u00e5 upp nu mot kv\u00e4llningen och latheten och f\u00f6rsoffningen besegrades.<br \/>\nFick med mig k\u00e4re maken ut p\u00e5 promenad. T\u00e4nkte mig en runda. B\u00f6rjar g\u00e5 och det b\u00f6rjar skv\u00e4tta vatten. Ok, d\u00e5 f\u00e5r det bli korta rundan. Regnar inte n\u00e4r vi kommer till f\u00f6rsta avtagsv\u00e4gen s\u00e5 d\u00e5 forts\u00e4tter vi men klokt nog tar vi mellan rundan, det b\u00f6rjar regna mer och mer och det \u00e4r riktigt bl\u00f6tt. Tur vi inte \u00e4r s\u00e5 s\u00f6ta utan bara lagom vackra.<br \/>\nDet gick undan p\u00e5 slutet och det var sk\u00f6nt att komma in f\u00f6r d\u00e5 brakade det l\u00f6s ordenligt. Nu \u00e4r det bara ett stilla regn igen. Ska sticka n\u00e5gra varv till p\u00e5 femtimmarskoftan som \u00e4r p\u00e5g\u00e5ende projekt.<br \/>\nHa en bra arbetsvecka!<\/p>\n","protected":false},"excerpt":{"rendered":"<p>H\u00e4r har varit en lugn och sk\u00f6n helg. \u00c4gnat en hel del tid \u00e5t spinnrocken, b\u00e5de kaninull och lin. P\u00e5 stickfronten \u00e4r, enligt f\u00f6reg\u00e5ende inl\u00e4gg, ett projekt klart och ett nytt p\u00e5b\u00f6rjat. \u00c4r lite orolig f\u00f6r att garnet inte r\u00e4cker. Fredagsv\u00e4dret var bra och likas\u00e5 i l\u00f6rdags. I dag har det bl\u00e5st en hel del [&hellip;]<\/p>\n","protected":false},"author":1,"featured_media":0,"comment_status":"open","ping_status":"open","sticky":false,"template":"","format":"standard","meta":{"footnotes":""},"categories":[13,9,14,10],"tags":[],"class_list":["post-3846","post","type-post","status-publish","format-standard","hentry","category-hantverk","category-livet","category-motion","category-vader"],"_links":{"self":[{"href":"https:\/\/eva.sundstrom.st\/index.php?rest_route=\/wp\/v2\/posts\/3846","targetHints":{"allow":["GET"]}}],"collection":[{"href":"https:\/\/eva.sundstrom.st\/index.php?rest_route=\/wp\/v2\/posts"}],"about":[{"href":"https:\/\/eva.sundstrom.st\/index.php?rest_route=\/wp\/v2\/types\/post"}],"author":[{"embeddable":true,"href":"https:\/\/eva.sundstrom.st\/index.php?rest_route=\/wp\/v2\/users\/1"}],"replies":[{"embeddable":true,"href":"https:\/\/eva.sundstrom.st\/index.php?rest_route=%2Fwp%2Fv2%2Fcomments&post=3846"}],"version-history":[{"count":2,"href":"https:\/\/eva.sundstrom.st\/index.php?rest_route=\/wp\/v2\/posts\/3846\/revisions"}],"predecessor-version":[{"id":3848,"href":"https:\/\/eva.sundstrom.st\/index.php?rest_route=\/wp\/v2\/posts\/3846\/revisions\/3848"}],"wp:attachment":[{"href":"https:\/\/eva.sundstrom.st\/index.php?rest_route=%2Fwp%2Fv2%2Fmedia&parent=3846"}],"wp:term":[{"taxonomy":"category","embeddable":true,"href":"https:\/\/eva.sundstrom.st\/index.php?rest_route=%2Fwp%2Fv2%2Fcategories&post=3846"},{"taxonomy":"post_tag","embeddable":true,"href":"https:\/\/eva.sundstrom.st\/index.php?rest_route=%2Fwp%2Fv2%2Ftags&post=3846"}],"curies":[{"name":"wp","href":"https:\/\/api.w.org\/{rel}","templated":true}]}}