{"id":3855,"date":"2013-08-23T20:17:30","date_gmt":"2013-08-23T19:17:30","guid":{"rendered":"http:\/\/www.eva.sundstrom.st\/?p=3855"},"modified":"2013-08-24T09:42:12","modified_gmt":"2013-08-24T08:42:12","slug":"en-harligt-ledig-fredag","status":"publish","type":"post","link":"https:\/\/eva.sundstrom.st\/?p=3855","title":{"rendered":"En h\u00e4rligt ledig fredag!"},"content":{"rendered":"<p>Har tillbringat en del av denna fina sensommardag vid detta vackra insj\u00f6hav!<\/p>\n<p><a href=\"http:\/\/www.eva.sundstrom.st\/wp-content\/upload\/DSC08340-blogg.jpg\"><img loading=\"lazy\" decoding=\"async\" src=\"http:\/\/www.eva.sundstrom.st\/wp-content\/upload\/DSC08340-blogg.jpg\" alt=\"\" title=\"DSC08340 blogg\" width=\"768\" height=\"576\" class=\"aligncenter size-full wp-image-3856\" srcset=\"https:\/\/eva.sundstrom.st\/wp-content\/upload\/DSC08340-blogg.jpg 768w, https:\/\/eva.sundstrom.st\/wp-content\/upload\/DSC08340-blogg-300x225.jpg 300w\" sizes=\"auto, (max-width: 768px) 100vw, 768px\" \/><\/a><\/p>\n<p>Satt d\u00e4r och stickade p\u00e5 min disktrasa.<\/p>\n<p><a href=\"http:\/\/www.eva.sundstrom.st\/wp-content\/upload\/DSC08343-blogg.jpg\"><img loading=\"lazy\" decoding=\"async\" src=\"http:\/\/www.eva.sundstrom.st\/wp-content\/upload\/DSC08343-blogg.jpg\" alt=\"\" title=\"DSC08343 blogg\" width=\"678\" height=\"442\" class=\"aligncenter size-full wp-image-3857\" srcset=\"https:\/\/eva.sundstrom.st\/wp-content\/upload\/DSC08343-blogg.jpg 678w, https:\/\/eva.sundstrom.st\/wp-content\/upload\/DSC08343-blogg-300x195.jpg 300w\" sizes=\"auto, (max-width: 678px) 100vw, 678px\" \/><\/a><\/p>\n<p> Pratade  med v\u00e4nnen som bjudit ut mig till sitt paradis. Nj\u00f6t av utsikten \u00f6ver sj\u00f6n och hennes fina pelargoner vid altanen.<\/p>\n<p><a href=\"http:\/\/www.eva.sundstrom.st\/wp-content\/upload\/DSC08346-blogg.jpg\"><img loading=\"lazy\" decoding=\"async\" src=\"http:\/\/www.eva.sundstrom.st\/wp-content\/upload\/DSC08346-blogg.jpg\" alt=\"\" title=\"DSC08346 blogg\" width=\"728\" height=\"433\" class=\"aligncenter size-full wp-image-3858\" srcset=\"https:\/\/eva.sundstrom.st\/wp-content\/upload\/DSC08346-blogg.jpg 728w, https:\/\/eva.sundstrom.st\/wp-content\/upload\/DSC08346-blogg-300x178.jpg 300w\" sizes=\"auto, (max-width: 728px) 100vw, 728px\" \/><\/a><\/p>\n<p>Tack min v\u00e4n f\u00f6r en fin dag!<br \/>\nHa en bra helg!<\/p>\n","protected":false},"excerpt":{"rendered":"<p>Har tillbringat en del av denna fina sensommardag vid detta vackra insj\u00f6hav! Satt d\u00e4r och stickade p\u00e5 min disktrasa. Pratade med v\u00e4nnen som bjudit ut mig till sitt paradis. Nj\u00f6t av utsikten \u00f6ver sj\u00f6n och hennes fina pelargoner vid altanen. Tack min v\u00e4n f\u00f6r en fin dag! Ha en bra helg!<\/p>\n","protected":false},"author":1,"featured_media":0,"comment_status":"open","ping_status":"open","sticky":false,"template":"","format":"standard","meta":{"footnotes":""},"categories":[9],"tags":[],"class_list":["post-3855","post","type-post","status-publish","format-standard","hentry","category-livet"],"_links":{"self":[{"href":"https:\/\/eva.sundstrom.st\/index.php?rest_route=\/wp\/v2\/posts\/3855","targetHints":{"allow":["GET"]}}],"collection":[{"href":"https:\/\/eva.sundstrom.st\/index.php?rest_route=\/wp\/v2\/posts"}],"about":[{"href":"https:\/\/eva.sundstrom.st\/index.php?rest_route=\/wp\/v2\/types\/post"}],"author":[{"embeddable":true,"href":"https:\/\/eva.sundstrom.st\/index.php?rest_route=\/wp\/v2\/users\/1"}],"replies":[{"embeddable":true,"href":"https:\/\/eva.sundstrom.st\/index.php?rest_route=%2Fwp%2Fv2%2Fcomments&post=3855"}],"version-history":[{"count":3,"href":"https:\/\/eva.sundstrom.st\/index.php?rest_route=\/wp\/v2\/posts\/3855\/revisions"}],"predecessor-version":[{"id":3861,"href":"https:\/\/eva.sundstrom.st\/index.php?rest_route=\/wp\/v2\/posts\/3855\/revisions\/3861"}],"wp:attachment":[{"href":"https:\/\/eva.sundstrom.st\/index.php?rest_route=%2Fwp%2Fv2%2Fmedia&parent=3855"}],"wp:term":[{"taxonomy":"category","embeddable":true,"href":"https:\/\/eva.sundstrom.st\/index.php?rest_route=%2Fwp%2Fv2%2Fcategories&post=3855"},{"taxonomy":"post_tag","embeddable":true,"href":"https:\/\/eva.sundstrom.st\/index.php?rest_route=%2Fwp%2Fv2%2Ftags&post=3855"}],"curies":[{"name":"wp","href":"https:\/\/api.w.org\/{rel}","templated":true}]}}