{"id":4075,"date":"2014-02-17T18:48:53","date_gmt":"2014-02-17T17:48:53","guid":{"rendered":"http:\/\/www.eva.sundstrom.st\/?p=4075"},"modified":"2014-02-17T18:49:35","modified_gmt":"2014-02-17T17:49:35","slug":"syfestival-bl-annat","status":"publish","type":"post","link":"https:\/\/eva.sundstrom.st\/?p=4075","title":{"rendered":"Syfestival bl.annat!"},"content":{"rendered":"<p>N\u00e4r jag gick hem fr\u00e5n jobbet i dag sken solen!<br \/>\nS\u00e5 h\u00e4rligt det k\u00e4ndes.<br \/>\nVid v\u00e5r infart har jag sett dessa p\u00e5 v\u00e4g en tid och i dag lockades jag ut f\u00f6r att f\u00f6reviga v\u00e5rbudskapet<\/p>\n<p><a href=\"http:\/\/www.eva.sundstrom.st\/wp-content\/upload\/DSC09032blogg.jpg\"><img loading=\"lazy\" decoding=\"async\" src=\"http:\/\/www.eva.sundstrom.st\/wp-content\/upload\/DSC09032blogg.jpg\" alt=\"\" title=\"DSC09032blogg\" width=\"501\" height=\"392\" class=\"aligncenter size-full wp-image-4078\" srcset=\"https:\/\/eva.sundstrom.st\/wp-content\/upload\/DSC09032blogg.jpg 501w, https:\/\/eva.sundstrom.st\/wp-content\/upload\/DSC09032blogg-300x234.jpg 300w\" sizes=\"auto, (max-width: 501px) 100vw, 501px\" \/><\/a><\/p>\n<p>Lite vackert finns kvar h\u00e4r  fr\u00e5n f\u00f6rra helgen.<\/p>\n<p><a href=\"http:\/\/www.eva.sundstrom.st\/wp-content\/upload\/DSC09029blogg.jpg\"><img loading=\"lazy\" decoding=\"async\" src=\"http:\/\/www.eva.sundstrom.st\/wp-content\/upload\/DSC09029blogg.jpg\" alt=\"\" title=\"DSC09029blogg\" width=\"615\" height=\"461\" class=\"aligncenter size-full wp-image-4076\" srcset=\"https:\/\/eva.sundstrom.st\/wp-content\/upload\/DSC09029blogg.jpg 615w, https:\/\/eva.sundstrom.st\/wp-content\/upload\/DSC09029blogg-300x224.jpg 300w\" sizes=\"auto, (max-width: 615px) 100vw, 615px\" \/><\/a><\/p>\n<p>Ullen som var lindad runt buketten<\/p>\n<p><a href=\"http:\/\/www.eva.sundstrom.st\/wp-content\/upload\/DSC09031blogg.jpg\"><img loading=\"lazy\" decoding=\"async\" src=\"http:\/\/www.eva.sundstrom.st\/wp-content\/upload\/DSC09031blogg.jpg\" alt=\"\" title=\"DSC09031blogg\" width=\"615\" height=\"365\" class=\"aligncenter size-full wp-image-4077\" srcset=\"https:\/\/eva.sundstrom.st\/wp-content\/upload\/DSC09031blogg.jpg 615w, https:\/\/eva.sundstrom.st\/wp-content\/upload\/DSC09031blogg-300x178.jpg 300w\" sizes=\"auto, (max-width: 615px) 100vw, 615px\" \/><\/a><\/p>\n<p>sparar jag s\u00e5 klart och ska f\u00f6rs\u00f6ka spinna den.<br \/>\nSv\u00e5rt s\u00e4ga vad det \u00e4r f\u00f6r f\u00e4rg. Har upplevt den som gr\u00e5 men tycker n\u00e4san den g\u00e5r mot rosa!<\/p>\n<p>Syfestival var det p\u00e5 \u00c4lvsj\u00f6m\u00e4ssan nu under helgen som gick.<br \/>\nKan tycka att en m\u00e4ssa som denna har lite missvisande namn.<br \/>\nDen handlar verkligen inte bara om att sy.<br \/>\nDet som \u00e4r bra med den \u00e4r att man kan f\u00f6ljas \u00e5t dit \u00e4ven om man har lite skiftande intressen.<br \/>\nDet mesta finns representerat. <\/p>\n<p>M\u00e4ssbes\u00f6ket b\u00f6rjade med att jag fick tr\u00e4ffa <a href=\"http:\/\/mettasblogg.blogspot.com\/\">Metta<\/a><\/p>\n<p>S\u00e5 roligt d\u00e5 vi under m\u00e5nga \u00e5r &#8221;k\u00e4nt&#8221; varandra h\u00e4r i bloggv\u00e4rlden. M\u00f6tte \u00e4ven <a href=\"http:\/\/www.stickankine.blogspot.com\/\">Stick-Kine<\/a> och Pyttipannans skapare <a href=\"http:\/\/garnomera.wordpress.com\/\">Garn o mera<\/a><\/p>\n<p>Kameran fanns med men jag kom mig aldrig f\u00f6r att ta fram den inne p\u00e5 m\u00e4ssan. Bilderna \u00e4r tagna i em. h\u00e4r hemma.<br \/>\nD\u00e4r fanns annars m\u00e4ngder av fina garner v\u00e4rda en bild, men som sagt s\u00e5 blev det ingenting med det.<\/p>\n<p> Limmo disign och Lillemor Elfgren kunde jag naturligtvis inte bara g\u00e5 f\u00f6rbi!<\/p>\n<p><a href=\"http:\/\/www.eva.sundstrom.st\/wp-content\/upload\/DSC09033blogg.jpg\"><img loading=\"lazy\" decoding=\"async\" src=\"http:\/\/www.eva.sundstrom.st\/wp-content\/upload\/DSC09033blogg.jpg\" alt=\"\" title=\"DSC09033blogg\" width=\"615\" height=\"461\" class=\"aligncenter size-full wp-image-4079\" srcset=\"https:\/\/eva.sundstrom.st\/wp-content\/upload\/DSC09033blogg.jpg 615w, https:\/\/eva.sundstrom.st\/wp-content\/upload\/DSC09033blogg-300x224.jpg 300w\" sizes=\"auto, (max-width: 615px) 100vw, 615px\" \/><\/a><\/p>\n<p>Vackert bl\u00e5a fl\u00e4tor att spinna av och s\u00e5 blev det tv\u00e5 mindre kardflor som faktiskt g\u00e5r i gr\u00f6nt.<\/p>\n<p><a href=\"http:\/\/www.eva.sundstrom.st\/wp-content\/upload\/DSC09037blogg.jpg\"><img loading=\"lazy\" decoding=\"async\" src=\"http:\/\/www.eva.sundstrom.st\/wp-content\/upload\/DSC09037blogg.jpg\" alt=\"\" title=\"DSC09037blogg\" width=\"615\" height=\"461\" class=\"aligncenter size-full wp-image-4080\" srcset=\"https:\/\/eva.sundstrom.st\/wp-content\/upload\/DSC09037blogg.jpg 615w, https:\/\/eva.sundstrom.st\/wp-content\/upload\/DSC09037blogg-300x224.jpg 300w\" sizes=\"auto, (max-width: 615px) 100vw, 615px\" \/><\/a><\/p>\n<p>Det var sv\u00e5rt f\u00e5 fram r\u00e4tt f\u00e4rg h\u00e4r.<\/p>\n<p>Ullcentrum var ocks\u00e5 sv\u00e5rt att g\u00e5 f\u00f6rbi.<\/p>\n<p>Bl\u00e5tt s\u00e5 klar<\/p>\n<p><a href=\"http:\/\/www.eva.sundstrom.st\/wp-content\/upload\/DSC09039blogg.jpg\"><img loading=\"lazy\" decoding=\"async\" src=\"http:\/\/www.eva.sundstrom.st\/wp-content\/upload\/DSC09039blogg.jpg\" alt=\"\" title=\"DSC09039blogg\" width=\"599\" height=\"375\" class=\"aligncenter size-full wp-image-4082\" srcset=\"https:\/\/eva.sundstrom.st\/wp-content\/upload\/DSC09039blogg.jpg 599w, https:\/\/eva.sundstrom.st\/wp-content\/upload\/DSC09039blogg-300x187.jpg 300w\" sizes=\"auto, (max-width: 599px) 100vw, 599px\" \/><\/a><\/p>\n<p>Och h\u00f6r och h\u00e4pna s\u00e5 blev det r\u00f6tt ocks\u00e5!<\/p>\n<p><a href=\"http:\/\/www.eva.sundstrom.st\/wp-content\/upload\/DSC09038bogg.jpg\"><img loading=\"lazy\" decoding=\"async\" src=\"http:\/\/www.eva.sundstrom.st\/wp-content\/upload\/DSC09038bogg.jpg\" alt=\"\" title=\"DSC09038bogg\" width=\"615\" height=\"461\" class=\"aligncenter size-full wp-image-4081\" srcset=\"https:\/\/eva.sundstrom.st\/wp-content\/upload\/DSC09038bogg.jpg 615w, https:\/\/eva.sundstrom.st\/wp-content\/upload\/DSC09038bogg-300x224.jpg 300w\" sizes=\"auto, (max-width: 615px) 100vw, 615px\" \/><\/a><\/p>\n<p>Och s\u00e5 lite nyttoprylar  p\u00e5 slutet.<\/p>\n<p><a href=\"http:\/\/www.eva.sundstrom.st\/wp-content\/upload\/DSC09040blogg.jpg\"><img loading=\"lazy\" decoding=\"async\" src=\"http:\/\/www.eva.sundstrom.st\/wp-content\/upload\/DSC09040blogg.jpg\" alt=\"\" title=\"DSC09040blogg\" width=\"609\" height=\"418\" class=\"aligncenter size-full wp-image-4083\" srcset=\"https:\/\/eva.sundstrom.st\/wp-content\/upload\/DSC09040blogg.jpg 609w, https:\/\/eva.sundstrom.st\/wp-content\/upload\/DSC09040blogg-300x205.jpg 300w\" sizes=\"auto, (max-width: 609px) 100vw, 609px\" \/><\/a><\/p>\n<p>N\u00e4r jag g\u00e5tt p\u00e5 m\u00e4ssan hela eftermiddagen och k\u00e4nde mig riktigt n\u00f6jd kom jag hem till sonen och blev bjuden p\u00e5 mat.<\/p>\n<p><a href=\"http:\/\/www.eva.sundstrom.st\/wp-content\/upload\/DSC09028blogg.jpg\"><img loading=\"lazy\" decoding=\"async\" src=\"http:\/\/www.eva.sundstrom.st\/wp-content\/upload\/DSC09028blogg.jpg\" alt=\"\" title=\"DSC09028blogg\" width=\"615\" height=\"461\" class=\"aligncenter size-full wp-image-4084\" srcset=\"https:\/\/eva.sundstrom.st\/wp-content\/upload\/DSC09028blogg.jpg 615w, https:\/\/eva.sundstrom.st\/wp-content\/upload\/DSC09028blogg-300x224.jpg 300w\" sizes=\"auto, (max-width: 615px) 100vw, 615px\" \/><\/a><\/p>\n<p>Nog kan man undra vart gr\u00f6nsakerna tog v\u00e4gen, men vad g\u00f6r det. Jag blev bjuden och gott smakade det.<br \/>\nTack sonen min, f\u00f6r att du passade upp p\u00e5 mig. Att f\u00e5 tr\u00e4ffa dig satte \u00e4nnu en guldkant p\u00e5 m\u00e4ssbes\u00f6ket.<\/p>\n","protected":false},"excerpt":{"rendered":"<p>N\u00e4r jag gick hem fr\u00e5n jobbet i dag sken solen! S\u00e5 h\u00e4rligt det k\u00e4ndes. Vid v\u00e5r infart har jag sett dessa p\u00e5 v\u00e4g en tid och i dag lockades jag ut f\u00f6r att f\u00f6reviga v\u00e5rbudskapet Lite vackert finns kvar h\u00e4r fr\u00e5n f\u00f6rra helgen. Ullen som var lindad runt buketten sparar jag s\u00e5 klart och ska [&hellip;]<\/p>\n","protected":false},"author":1,"featured_media":0,"comment_status":"open","ping_status":"open","sticky":false,"template":"","format":"standard","meta":{"footnotes":""},"categories":[4,13],"tags":[],"class_list":["post-4075","post","type-post","status-publish","format-standard","hentry","category-allmant","category-hantverk"],"_links":{"self":[{"href":"https:\/\/eva.sundstrom.st\/index.php?rest_route=\/wp\/v2\/posts\/4075","targetHints":{"allow":["GET"]}}],"collection":[{"href":"https:\/\/eva.sundstrom.st\/index.php?rest_route=\/wp\/v2\/posts"}],"about":[{"href":"https:\/\/eva.sundstrom.st\/index.php?rest_route=\/wp\/v2\/types\/post"}],"author":[{"embeddable":true,"href":"https:\/\/eva.sundstrom.st\/index.php?rest_route=\/wp\/v2\/users\/1"}],"replies":[{"embeddable":true,"href":"https:\/\/eva.sundstrom.st\/index.php?rest_route=%2Fwp%2Fv2%2Fcomments&post=4075"}],"version-history":[{"count":3,"href":"https:\/\/eva.sundstrom.st\/index.php?rest_route=\/wp\/v2\/posts\/4075\/revisions"}],"predecessor-version":[{"id":4087,"href":"https:\/\/eva.sundstrom.st\/index.php?rest_route=\/wp\/v2\/posts\/4075\/revisions\/4087"}],"wp:attachment":[{"href":"https:\/\/eva.sundstrom.st\/index.php?rest_route=%2Fwp%2Fv2%2Fmedia&parent=4075"}],"wp:term":[{"taxonomy":"category","embeddable":true,"href":"https:\/\/eva.sundstrom.st\/index.php?rest_route=%2Fwp%2Fv2%2Fcategories&post=4075"},{"taxonomy":"post_tag","embeddable":true,"href":"https:\/\/eva.sundstrom.st\/index.php?rest_route=%2Fwp%2Fv2%2Ftags&post=4075"}],"curies":[{"name":"wp","href":"https:\/\/api.w.org\/{rel}","templated":true}]}}