{"id":4098,"date":"2014-03-01T19:23:44","date_gmt":"2014-03-01T18:23:44","guid":{"rendered":"http:\/\/www.eva.sundstrom.st\/?p=4098"},"modified":"2014-03-01T19:23:44","modified_gmt":"2014-03-01T18:23:44","slug":"halsning-fran-fafesten-i-kil","status":"publish","type":"post","link":"https:\/\/eva.sundstrom.st\/?p=4098","title":{"rendered":"H\u00e4lsning fr\u00e5n F\u00e5festen i Kil!"},"content":{"rendered":"<p><a href=\"http:\/\/www.eva.sundstrom.st\/wp-content\/upload\/DSC09052blogg.jpg\"><img loading=\"lazy\" decoding=\"async\" src=\"http:\/\/www.eva.sundstrom.st\/wp-content\/upload\/DSC09052blogg.jpg\" alt=\"\" title=\"DSC09052blogg\" width=\"615\" height=\"461\" class=\"aligncenter size-full wp-image-4099\" srcset=\"https:\/\/eva.sundstrom.st\/wp-content\/upload\/DSC09052blogg.jpg 615w, https:\/\/eva.sundstrom.st\/wp-content\/upload\/DSC09052blogg-300x224.jpg 300w\" sizes=\"auto, (max-width: 615px) 100vw, 615px\" \/><\/a><\/p>\n<p>I dag tog vi, jag och v\u00e4ninna A, en tur till Kil.<br \/>\nOj s\u00e5 stort detta med F\u00e5rfesten var!<br \/>\nTr\u00e4ffade bekanta, b\u00e5de fr\u00e5n bloggv\u00e4rden och FB v\u00e4rlden. \u00c4ven ett par som vi k\u00e4nner irl.<\/p>\n<p><a href=\"http:\/\/www.eva.sundstrom.st\/wp-content\/upload\/DSC09053-001blogg.jpg\"><img loading=\"lazy\" decoding=\"async\" src=\"http:\/\/www.eva.sundstrom.st\/wp-content\/upload\/DSC09053-001blogg.jpg\" alt=\"\" title=\"DSC09053-001blogg\" width=\"353\" height=\"473\" class=\"aligncenter size-full wp-image-4100\" srcset=\"https:\/\/eva.sundstrom.st\/wp-content\/upload\/DSC09053-001blogg.jpg 353w, https:\/\/eva.sundstrom.st\/wp-content\/upload\/DSC09053-001blogg-223x300.jpg 223w\" sizes=\"auto, (max-width: 353px) 100vw, 353px\" \/><\/a><br \/>\nEtt n\u00e5got annorlunda f\u00e5gelbo!<\/p>\n<p><a href=\"http:\/\/www.eva.sundstrom.st\/wp-content\/upload\/DSC09062-001blogg.jpg\"><img loading=\"lazy\" decoding=\"async\" src=\"http:\/\/www.eva.sundstrom.st\/wp-content\/upload\/DSC09062-001blogg.jpg\" alt=\"\" title=\"DSC09062-001blogg\" width=\"461\" height=\"557\" class=\"aligncenter size-full wp-image-4101\" srcset=\"https:\/\/eva.sundstrom.st\/wp-content\/upload\/DSC09062-001blogg.jpg 461w, https:\/\/eva.sundstrom.st\/wp-content\/upload\/DSC09062-001blogg-248x300.jpg 248w\" sizes=\"auto, (max-width: 461px) 100vw, 461px\" \/><\/a><br \/>\nVackert str\u00e4vsamt par!<\/p>\n<p><a href=\"http:\/\/www.eva.sundstrom.st\/wp-content\/upload\/DSC09064-001blogg.jpg\"><img loading=\"lazy\" decoding=\"async\" src=\"http:\/\/www.eva.sundstrom.st\/wp-content\/upload\/DSC09064-001blogg.jpg\" alt=\"\" title=\"DSC09064-001blogg\" width=\"615\" height=\"461\" class=\"aligncenter size-full wp-image-4102\" srcset=\"https:\/\/eva.sundstrom.st\/wp-content\/upload\/DSC09064-001blogg.jpg 615w, https:\/\/eva.sundstrom.st\/wp-content\/upload\/DSC09064-001blogg-300x224.jpg 300w\" sizes=\"auto, (max-width: 615px) 100vw, 615px\" \/><\/a><br \/>\nLite fint att spinna av.<\/p>\n<p>Och n\u00e4r vi ska \u00e5ka hem f\u00f6ll det t\u00e4tt, t\u00e4tt, med stora, stora vita flingor!<\/p>\n<p><a href=\"http:\/\/www.eva.sundstrom.st\/wp-content\/upload\/IMAG0589-blogg.jpg\"><img loading=\"lazy\" decoding=\"async\" src=\"http:\/\/www.eva.sundstrom.st\/wp-content\/upload\/IMAG0589-blogg.jpg\" alt=\"\" title=\"IMAG0589 blogg\" width=\"453\" height=\"347\" class=\"aligncenter size-full wp-image-4103\" srcset=\"https:\/\/eva.sundstrom.st\/wp-content\/upload\/IMAG0589-blogg.jpg 453w, https:\/\/eva.sundstrom.st\/wp-content\/upload\/IMAG0589-blogg-300x229.jpg 300w\" sizes=\"auto, (max-width: 453px) 100vw, 453px\" \/><\/a><\/p>\n<p>En flinga landade p\u00e5 min arm just n\u00e4r vi satt oss i bilen. Skyndade mig att ta denna bild med mobilen.<br \/>\nSn\u00f6fallet avtog ganska snart och det p\u00e5verkade inte v\u00e4glaget. <\/p>\n<p>Efter en bra dag med mycket g\u00e5 i benen k\u00e4nner jag mig tr\u00f6tt och mycket n\u00f6jd.<\/p>\n","protected":false},"excerpt":{"rendered":"<p>I dag tog vi, jag och v\u00e4ninna A, en tur till Kil. Oj s\u00e5 stort detta med F\u00e5rfesten var! Tr\u00e4ffade bekanta, b\u00e5de fr\u00e5n bloggv\u00e4rden och FB v\u00e4rlden. \u00c4ven ett par som vi k\u00e4nner irl. Ett n\u00e5got annorlunda f\u00e5gelbo! Vackert str\u00e4vsamt par! Lite fint att spinna av. Och n\u00e4r vi ska \u00e5ka hem f\u00f6ll det t\u00e4tt, [&hellip;]<\/p>\n","protected":false},"author":1,"featured_media":0,"comment_status":"open","ping_status":"open","sticky":false,"template":"","format":"standard","meta":{"footnotes":""},"categories":[9],"tags":[],"class_list":["post-4098","post","type-post","status-publish","format-standard","hentry","category-livet"],"_links":{"self":[{"href":"https:\/\/eva.sundstrom.st\/index.php?rest_route=\/wp\/v2\/posts\/4098","targetHints":{"allow":["GET"]}}],"collection":[{"href":"https:\/\/eva.sundstrom.st\/index.php?rest_route=\/wp\/v2\/posts"}],"about":[{"href":"https:\/\/eva.sundstrom.st\/index.php?rest_route=\/wp\/v2\/types\/post"}],"author":[{"embeddable":true,"href":"https:\/\/eva.sundstrom.st\/index.php?rest_route=\/wp\/v2\/users\/1"}],"replies":[{"embeddable":true,"href":"https:\/\/eva.sundstrom.st\/index.php?rest_route=%2Fwp%2Fv2%2Fcomments&post=4098"}],"version-history":[{"count":2,"href":"https:\/\/eva.sundstrom.st\/index.php?rest_route=\/wp\/v2\/posts\/4098\/revisions"}],"predecessor-version":[{"id":4105,"href":"https:\/\/eva.sundstrom.st\/index.php?rest_route=\/wp\/v2\/posts\/4098\/revisions\/4105"}],"wp:attachment":[{"href":"https:\/\/eva.sundstrom.st\/index.php?rest_route=%2Fwp%2Fv2%2Fmedia&parent=4098"}],"wp:term":[{"taxonomy":"category","embeddable":true,"href":"https:\/\/eva.sundstrom.st\/index.php?rest_route=%2Fwp%2Fv2%2Fcategories&post=4098"},{"taxonomy":"post_tag","embeddable":true,"href":"https:\/\/eva.sundstrom.st\/index.php?rest_route=%2Fwp%2Fv2%2Ftags&post=4098"}],"curies":[{"name":"wp","href":"https:\/\/api.w.org\/{rel}","templated":true}]}}