{"id":410,"date":"2007-11-10T10:05:18","date_gmt":"2007-11-10T09:05:18","guid":{"rendered":"http:\/\/www.eva.sundstrom.st\/?p=410"},"modified":"2007-11-10T10:05:18","modified_gmt":"2007-11-10T09:05:18","slug":"forsta-snon","status":"publish","type":"post","link":"https:\/\/eva.sundstrom.st\/?p=410","title":{"rendered":"F"},"content":{"rendered":"<p>P\u00e5 onsdags morgonen var det vitt p\u00e5 gr\u00e4smattan. <\/p>\n<p>Det t\u00f6ade bort ganska s\u00e5 fort.<br \/>\nJag ilade ut i v\u00e4xthuset och r\u00e4ddade in krysantemen blomman.<\/p>\n<p><a href='http:\/\/www.eva.sundstrom.st\/wp-content\/upload\/dsc01373.jpg' title='dsc01373.jpg'><img src='http:\/\/www.eva.sundstrom.st\/wp-content\/upload\/dsc01373.jpg' alt='dsc01373.jpg' \/><\/a><\/p>\n<p>Undrar just om jag ska klara den innomhus hela vintern. Helt klart v\u00e4rt ett f\u00f6rs\u00f6k i allafall.<\/p>\n<p>Sedan planterade jag en ny v\u00e4lkomstkruka.<\/p>\n<p><a href='http:\/\/www.eva.sundstrom.st\/wp-content\/upload\/dsc01377.jpg' title='dsc01377.jpg'><img src='http:\/\/www.eva.sundstrom.st\/wp-content\/upload\/dsc01377.jpg' alt='dsc01377.jpg' \/><\/a><\/p>\n<p>Knoppen p\u00e5 g\u00f6kungen orkar inte sl\u00e5 ut. I dag n\u00f6p jag bort den. Hoppas sj\u00e4lva plantan klarar sig. Skulle ju vara roligt att f\u00e5 se vad det \u00e4r.<\/p>\n<p>I g\u00e5r kv\u00e4ll kom det lite nytt puder s\u00e5 nu f\u00e5r vi nog r\u00e4kna med mer vinterligt v\u00e4der.<\/p>\n<p>P\u00e5 stickfronten k\u00e4nns den hemliga vattensjalen mest sp\u00e4nnande just nu.<br \/>\nTill secretofthestole, som jag f\u00f6rst b\u00f6rjade p\u00e5, r\u00e4cker inte garnet s\u00e5 den f\u00e5r ligga till sig lite.<br \/>\nEfter hand ska jag beta av garnaff\u00e4rer jag k\u00e4nner till och se om jag f\u00e5r tag p\u00e5 samma.<br \/>\nVet inte vad det heter. Har k\u00f6pt det p\u00e5 utf\u00f6rs\u00e4ljning av vattenskadat garn som saknade banderoller. <\/p>\n<p>N\u00e5got mer par strumpor ska jag ocks\u00e5 f\u00f6rs\u00f6ka f\u00e5 klart till Bygdedagen 15\/12.<\/p>\n<p>I em-kv\u00e4ll \u00e4r det jobb som g\u00e4ller. S\u00f6ndagen best\u00e5r ocks\u00e5 av jobb.<br \/>\nSedan \u00e4r det ledig m\u00e5ndag och d\u00e5 k\u00e4nns det som om IKEA lockar. Vi f\u00e5r se.<br \/>\nM\u00e5 gott och ha en bra helg.<\/p>\n","protected":false},"excerpt":{"rendered":"<p>P\u00e5 onsdags morgonen var det vitt p\u00e5 gr\u00e4smattan. Det t\u00f6ade bort ganska s\u00e5 fort. Jag ilade ut i v\u00e4xthuset och r\u00e4ddade in krysantemen blomman. Undrar just om jag ska klara den innomhus hela vintern. Helt klart v\u00e4rt ett f\u00f6rs\u00f6k i allafall. Sedan planterade jag en ny v\u00e4lkomstkruka. Knoppen p\u00e5 g\u00f6kungen orkar inte sl\u00e5 ut. I [&hellip;]<\/p>\n","protected":false},"author":1,"featured_media":0,"comment_status":"open","ping_status":"open","sticky":false,"template":"","format":"standard","meta":{"footnotes":""},"categories":[1],"tags":[],"class_list":["post-410","post","type-post","status-publish","format-standard","hentry","category-uncategorized"],"_links":{"self":[{"href":"https:\/\/eva.sundstrom.st\/index.php?rest_route=\/wp\/v2\/posts\/410","targetHints":{"allow":["GET"]}}],"collection":[{"href":"https:\/\/eva.sundstrom.st\/index.php?rest_route=\/wp\/v2\/posts"}],"about":[{"href":"https:\/\/eva.sundstrom.st\/index.php?rest_route=\/wp\/v2\/types\/post"}],"author":[{"embeddable":true,"href":"https:\/\/eva.sundstrom.st\/index.php?rest_route=\/wp\/v2\/users\/1"}],"replies":[{"embeddable":true,"href":"https:\/\/eva.sundstrom.st\/index.php?rest_route=%2Fwp%2Fv2%2Fcomments&post=410"}],"version-history":[{"count":0,"href":"https:\/\/eva.sundstrom.st\/index.php?rest_route=\/wp\/v2\/posts\/410\/revisions"}],"wp:attachment":[{"href":"https:\/\/eva.sundstrom.st\/index.php?rest_route=%2Fwp%2Fv2%2Fmedia&parent=410"}],"wp:term":[{"taxonomy":"category","embeddable":true,"href":"https:\/\/eva.sundstrom.st\/index.php?rest_route=%2Fwp%2Fv2%2Fcategories&post=410"},{"taxonomy":"post_tag","embeddable":true,"href":"https:\/\/eva.sundstrom.st\/index.php?rest_route=%2Fwp%2Fv2%2Ftags&post=410"}],"curies":[{"name":"wp","href":"https:\/\/api.w.org\/{rel}","templated":true}]}}