{"id":420,"date":"2007-11-21T10:56:56","date_gmt":"2007-11-21T09:56:56","guid":{"rendered":"http:\/\/www.eva.sundstrom.st\/?p=420"},"modified":"2007-11-21T10:56:56","modified_gmt":"2007-11-21T09:56:56","slug":"tankar","status":"publish","type":"post","link":"https:\/\/eva.sundstrom.st\/?p=420","title":{"rendered":"Tankar"},"content":{"rendered":"<p>Detta b\u00f6rjade som ett svar p\u00e5 kommentar  fr\u00e5n en l\u00e4sare p\u00e5 mitt inl\u00e4gg om min bloggv\u00e4rld. K\u00e4nde s\u00e5  att jag lika g\u00e4rna kunde dela dessa tankar direkt till alla.<\/p>\n<p>Inte bara dom som l\u00e4ser kommentarerna.<\/p>\n<p>Har ju fortfarande inte kommit p\u00e5 n\u00e5got s\u00e4tt att se om fler \u00e4r inne och l\u00e4ser.<br \/>\nSpelar kanske ingen roll igentligen men lite kul kunde det ju vara att veta hur m\u00e5nga bes\u00f6kare man har.<\/p>\n<p>Visst \u00e4r det lugnare tid nu men tiden g\u00e5r likfullt aldeles f\u00f6r fort. \u00c4nd\u00e5 \u00e4r det roligt att fara runt och l\u00e4sa. M\u00e5nga k\u00e4nner s\u00e4kert till allt prat om att det \u00e4r viktigt att vi &#8221;ser&#8221; varann. Det var nog lite s\u00e5 mina tankar for omkring. <\/p>\n<p>Vad \u00e4r det som h\u00e4nder? <\/p>\n<p>\u00c4r personen helt kn\u00e4ckt f\u00f6r n\u00e5got? <\/p>\n<p>Sitter hon och myser och bara har det bra?<\/p>\n<p>Vem bryr sig?<\/p>\n<p>Har alla n\u00e5gon som bryr sig.?<\/p>\n<p><a href='http:\/\/www.eva.sundstrom.st\/wp-content\/upload\/dsc01396.jpg' title='dsc01396.jpg'><img src='http:\/\/www.eva.sundstrom.st\/wp-content\/upload\/dsc01396.jpg' alt='dsc01396.jpg' \/><\/a><\/p>\n<p>L\u00e5ter ljuset forts\u00e4tta lysa och<br \/>\n\u00f6nskar alla n\u00e5gon som ser och finns d\u00e4r att dela stort och sm\u00e5tt med.<\/p>\n<p>LEV V\u00c4L OCH M\u00c5 GOTT<\/p>\n","protected":false},"excerpt":{"rendered":"<p>Detta b\u00f6rjade som ett svar p\u00e5 kommentar fr\u00e5n en l\u00e4sare p\u00e5 mitt inl\u00e4gg om min bloggv\u00e4rld. K\u00e4nde s\u00e5 att jag lika g\u00e4rna kunde dela dessa tankar direkt till alla. Inte bara dom som l\u00e4ser kommentarerna. Har ju fortfarande inte kommit p\u00e5 n\u00e5got s\u00e4tt att se om fler \u00e4r inne och l\u00e4ser. Spelar kanske ingen roll [&hellip;]<\/p>\n","protected":false},"author":1,"featured_media":0,"comment_status":"open","ping_status":"open","sticky":false,"template":"","format":"standard","meta":{"footnotes":""},"categories":[1],"tags":[],"class_list":["post-420","post","type-post","status-publish","format-standard","hentry","category-uncategorized"],"_links":{"self":[{"href":"https:\/\/eva.sundstrom.st\/index.php?rest_route=\/wp\/v2\/posts\/420","targetHints":{"allow":["GET"]}}],"collection":[{"href":"https:\/\/eva.sundstrom.st\/index.php?rest_route=\/wp\/v2\/posts"}],"about":[{"href":"https:\/\/eva.sundstrom.st\/index.php?rest_route=\/wp\/v2\/types\/post"}],"author":[{"embeddable":true,"href":"https:\/\/eva.sundstrom.st\/index.php?rest_route=\/wp\/v2\/users\/1"}],"replies":[{"embeddable":true,"href":"https:\/\/eva.sundstrom.st\/index.php?rest_route=%2Fwp%2Fv2%2Fcomments&post=420"}],"version-history":[{"count":0,"href":"https:\/\/eva.sundstrom.st\/index.php?rest_route=\/wp\/v2\/posts\/420\/revisions"}],"wp:attachment":[{"href":"https:\/\/eva.sundstrom.st\/index.php?rest_route=%2Fwp%2Fv2%2Fmedia&parent=420"}],"wp:term":[{"taxonomy":"category","embeddable":true,"href":"https:\/\/eva.sundstrom.st\/index.php?rest_route=%2Fwp%2Fv2%2Fcategories&post=420"},{"taxonomy":"post_tag","embeddable":true,"href":"https:\/\/eva.sundstrom.st\/index.php?rest_route=%2Fwp%2Fv2%2Ftags&post=420"}],"curies":[{"name":"wp","href":"https:\/\/api.w.org\/{rel}","templated":true}]}}