{"id":422,"date":"2007-11-25T16:55:24","date_gmt":"2007-11-25T15:55:24","guid":{"rendered":"http:\/\/www.eva.sundstrom.st\/?p=422"},"modified":"2007-11-25T16:55:24","modified_gmt":"2007-11-25T15:55:24","slug":"domsondagen-i-dag","status":"publish","type":"post","link":"https:\/\/eva.sundstrom.st\/?p=422","title":{"rendered":"Doms"},"content":{"rendered":"<p>T\u00e4nker inte d\u00f6mma n\u00e5gon.<\/p>\n<p>L\u00e5ter i st\u00e4llet Ljuset lysa<\/p>\n<p><a href='http:\/\/www.eva.sundstrom.st\/wp-content\/upload\/dsc01396.jpg' title='dsc01396.jpg'><img src='http:\/\/www.eva.sundstrom.st\/wp-content\/upload\/dsc01396.jpg' alt='dsc01396.jpg' \/><\/a><\/p>\n<p>Inte menade jag att ge n\u00e5gon d\u00e5ligt samvete eller att n\u00e5gon skulle k\u00e4nna sig tr\u00e4ffad av mina tankar.<\/p>\n<p>Ibland k\u00e4nns bloggen lite som ett n\u00e4tv\u00e4rk.<br \/>\nOch n\u00e4tv\u00e4rk \u00e4r ju till f\u00f6r att st\u00f6tta och hj\u00e4lpa. Inte tynga ner n\u00e5gon.<\/p>\n<p><a href='http:\/\/www.eva.sundstrom.st\/wp-content\/upload\/dsc01382.jpg' title='dsc01382.jpg'><img src='http:\/\/www.eva.sundstrom.st\/wp-content\/upload\/dsc01382.jpg' alt='dsc01382.jpg' \/><\/a><\/p>\n<p>I g\u00e5r kv\u00e4ll satt jag och tittade tillbaka p\u00e5 alla kommentarer jag f\u00e5tt sedan jag b\u00f6rjade blogga.<br \/>\nHar inte ens varit ig\u00e5ng ett \u00e5r och har f\u00e5tt s\u00e5 m\u00e5nga fina och st\u00f6ttande kommentarer.<\/p>\n<p> Vill s\u00e4ga TACK till er alla med en rosenknopp.<\/p>\n<p><a href='http:\/\/www.eva.sundstrom.st\/wp-content\/upload\/dsc01249.jpg' title='dsc01249.jpg'><img src='http:\/\/www.eva.sundstrom.st\/wp-content\/upload\/dsc01249.jpg' alt='dsc01249.jpg' \/><\/a><\/p>\n<p>Att alla ni har velat l\u00e4sa vad jag skriver  \ud83d\ude42<\/p>\n<p>N\u00e4sta s\u00f6ndag \u00e4r det f\u00f6rsta advent och vi f\u00e5r t\u00e4nda ett nytt ljus.<\/p>\n<p>Lev v\u00e4l och m\u00e5 gott alla v\u00e4nner.<\/p>\n","protected":false},"excerpt":{"rendered":"<p>T\u00e4nker inte d\u00f6mma n\u00e5gon. L\u00e5ter i st\u00e4llet Ljuset lysa Inte menade jag att ge n\u00e5gon d\u00e5ligt samvete eller att n\u00e5gon skulle k\u00e4nna sig tr\u00e4ffad av mina tankar. Ibland k\u00e4nns bloggen lite som ett n\u00e4tv\u00e4rk. Och n\u00e4tv\u00e4rk \u00e4r ju till f\u00f6r att st\u00f6tta och hj\u00e4lpa. Inte tynga ner n\u00e5gon. I g\u00e5r kv\u00e4ll satt jag och tittade [&hellip;]<\/p>\n","protected":false},"author":1,"featured_media":0,"comment_status":"open","ping_status":"open","sticky":false,"template":"","format":"standard","meta":{"footnotes":""},"categories":[1],"tags":[],"class_list":["post-422","post","type-post","status-publish","format-standard","hentry","category-uncategorized"],"_links":{"self":[{"href":"https:\/\/eva.sundstrom.st\/index.php?rest_route=\/wp\/v2\/posts\/422","targetHints":{"allow":["GET"]}}],"collection":[{"href":"https:\/\/eva.sundstrom.st\/index.php?rest_route=\/wp\/v2\/posts"}],"about":[{"href":"https:\/\/eva.sundstrom.st\/index.php?rest_route=\/wp\/v2\/types\/post"}],"author":[{"embeddable":true,"href":"https:\/\/eva.sundstrom.st\/index.php?rest_route=\/wp\/v2\/users\/1"}],"replies":[{"embeddable":true,"href":"https:\/\/eva.sundstrom.st\/index.php?rest_route=%2Fwp%2Fv2%2Fcomments&post=422"}],"version-history":[{"count":0,"href":"https:\/\/eva.sundstrom.st\/index.php?rest_route=\/wp\/v2\/posts\/422\/revisions"}],"wp:attachment":[{"href":"https:\/\/eva.sundstrom.st\/index.php?rest_route=%2Fwp%2Fv2%2Fmedia&parent=422"}],"wp:term":[{"taxonomy":"category","embeddable":true,"href":"https:\/\/eva.sundstrom.st\/index.php?rest_route=%2Fwp%2Fv2%2Fcategories&post=422"},{"taxonomy":"post_tag","embeddable":true,"href":"https:\/\/eva.sundstrom.st\/index.php?rest_route=%2Fwp%2Fv2%2Ftags&post=422"}],"curies":[{"name":"wp","href":"https:\/\/api.w.org\/{rel}","templated":true}]}}