{"id":424,"date":"2007-11-29T07:52:08","date_gmt":"2007-11-29T06:52:08","guid":{"rendered":"http:\/\/www.eva.sundstrom.st\/?p=424"},"modified":"2007-11-29T07:52:08","modified_gmt":"2007-11-29T06:52:08","slug":"29-november","status":"publish","type":"post","link":"https:\/\/eva.sundstrom.st\/?p=424","title":{"rendered":"29 november"},"content":{"rendered":"<p><a href='http:\/\/www.eva.sundstrom.st\/wp-content\/upload\/dsc01396.jpg' title='dsc01396.jpg'><img src='http:\/\/www.eva.sundstrom.st\/wp-content\/upload\/dsc01396.jpg' alt='dsc01396.jpg' \/><\/a><\/p>\n<p>I g\u00e5r kv\u00e4ll hade vi sista handarbetskaf\u00e9t f\u00f6r h\u00f6sten. Vi \u00e4r inte m\u00e5nga men vi har roligt. Fler f\u00e5r g\u00e4rna komma.<\/p>\n<p>Tog n\u00e5gra kort p\u00e5 det vi pysslar med.<\/p>\n<p>En stickar en fin kl\u00e4nning <\/p>\n<p><a href='http:\/\/www.eva.sundstrom.st\/wp-content\/upload\/dsc01424.jpg' title='dsc01424.jpg'><img src='http:\/\/www.eva.sundstrom.st\/wp-content\/upload\/dsc01424.jpg' alt='dsc01424.jpg' \/><\/a><\/p>\n<p>En samlingsblid<\/p>\n<p><a href='http:\/\/www.eva.sundstrom.st\/wp-content\/upload\/dsc01429.jpg' title='dsc01429.jpg'><img src='http:\/\/www.eva.sundstrom.st\/wp-content\/upload\/dsc01429.jpg' alt='dsc01429.jpg' \/><\/a><\/p>\n<p>H\u00e4r \u00e4r strumpstickningar, m\u00f6ssa, benv\u00e4rmare och duk. Den rosa, eller \u00e4r det aprikos, stj\u00e4rnan l\u00e4ngst fram \u00e4r en stj\u00e4rnmatta till ett docksk\u00e5p. \u00d6nskat av docksk\u00e5ps\u00e4garinnan sj\u00e4lv.<br \/>\nVisst \u00e4r det h\u00e4rligt n\u00e4r dom vet hur dom vill inreda!<\/p>\n<p>S\u00e5 fikade vi gott<\/p>\n<p><a href='http:\/\/www.eva.sundstrom.st\/wp-content\/upload\/dsc01423.jpg' title='dsc01423.jpg'><img src='http:\/\/www.eva.sundstrom.st\/wp-content\/upload\/dsc01423.jpg' alt='dsc01423.jpg' \/><\/a><\/p>\n<p>Det h\u00f6r ju till.<\/p>\n<p>Vi har tr\u00e4ffats varannan onsdag i v\u00e5rt f\u00f6rsamlingshemm.<br \/>\nD\u00e4r tr\u00e4ffas en del barn och ungdomsgrupper regelbundet. Sj\u00e4lv \u00e4r jag aktiv i miniorgruppen,barn mellan 7-10 \u00e5r.<\/p>\n<p>Passar p\u00e5 att visa ett arbete vi gjorde f\u00f6rra \u00e5ret.<\/p>\n<p><a href='http:\/\/www.eva.sundstrom.st\/wp-content\/upload\/dsc01435.jpg' title='dsc01435.jpg'><img src='http:\/\/www.eva.sundstrom.st\/wp-content\/upload\/dsc01435.jpg' alt='dsc01435.jpg' \/><\/a><\/p>\n<p>Och s\u00e5 Jakobs steg som juniorgruppen skapat under h\u00f6sten.<\/p>\n<p><a href='http:\/\/www.eva.sundstrom.st\/wp-content\/upload\/dsc01430.jpg' title='dsc01430.jpg'><img src='http:\/\/www.eva.sundstrom.st\/wp-content\/upload\/dsc01430.jpg' alt='dsc01430.jpg' \/><\/a><\/p>\n<p>Den \u00e4r s\u00e5 fin.<\/p>\n<p>Skickar ocks\u00e5 med en n\u00e4rbild p\u00e5 ett par av \u00e4nglarna.<\/p>\n<p><a href='http:\/\/www.eva.sundstrom.st\/wp-content\/upload\/dsc01433.jpg' title='dsc01433.jpg'><img src='http:\/\/www.eva.sundstrom.st\/wp-content\/upload\/dsc01433.jpg' alt='dsc01433.jpg' \/><\/a><\/p>\n<p>L\u00e5t \u00e4nglarna f\u00f6lja er och m\u00e5 gott<\/p>\n","protected":false},"excerpt":{"rendered":"<p>I g\u00e5r kv\u00e4ll hade vi sista handarbetskaf\u00e9t f\u00f6r h\u00f6sten. Vi \u00e4r inte m\u00e5nga men vi har roligt. Fler f\u00e5r g\u00e4rna komma. Tog n\u00e5gra kort p\u00e5 det vi pysslar med. En stickar en fin kl\u00e4nning En samlingsblid H\u00e4r \u00e4r strumpstickningar, m\u00f6ssa, benv\u00e4rmare och duk. Den rosa, eller \u00e4r det aprikos, stj\u00e4rnan l\u00e4ngst fram \u00e4r en stj\u00e4rnmatta [&hellip;]<\/p>\n","protected":false},"author":1,"featured_media":0,"comment_status":"open","ping_status":"open","sticky":false,"template":"","format":"standard","meta":{"footnotes":""},"categories":[1],"tags":[],"class_list":["post-424","post","type-post","status-publish","format-standard","hentry","category-uncategorized"],"_links":{"self":[{"href":"https:\/\/eva.sundstrom.st\/index.php?rest_route=\/wp\/v2\/posts\/424","targetHints":{"allow":["GET"]}}],"collection":[{"href":"https:\/\/eva.sundstrom.st\/index.php?rest_route=\/wp\/v2\/posts"}],"about":[{"href":"https:\/\/eva.sundstrom.st\/index.php?rest_route=\/wp\/v2\/types\/post"}],"author":[{"embeddable":true,"href":"https:\/\/eva.sundstrom.st\/index.php?rest_route=\/wp\/v2\/users\/1"}],"replies":[{"embeddable":true,"href":"https:\/\/eva.sundstrom.st\/index.php?rest_route=%2Fwp%2Fv2%2Fcomments&post=424"}],"version-history":[{"count":0,"href":"https:\/\/eva.sundstrom.st\/index.php?rest_route=\/wp\/v2\/posts\/424\/revisions"}],"wp:attachment":[{"href":"https:\/\/eva.sundstrom.st\/index.php?rest_route=%2Fwp%2Fv2%2Fmedia&parent=424"}],"wp:term":[{"taxonomy":"category","embeddable":true,"href":"https:\/\/eva.sundstrom.st\/index.php?rest_route=%2Fwp%2Fv2%2Fcategories&post=424"},{"taxonomy":"post_tag","embeddable":true,"href":"https:\/\/eva.sundstrom.st\/index.php?rest_route=%2Fwp%2Fv2%2Ftags&post=424"}],"curies":[{"name":"wp","href":"https:\/\/api.w.org\/{rel}","templated":true}]}}