{"id":4390,"date":"2014-07-11T14:27:47","date_gmt":"2014-07-11T13:27:47","guid":{"rendered":"http:\/\/www.eva.sundstrom.st\/?p=4390"},"modified":"2014-07-11T15:46:11","modified_gmt":"2014-07-11T14:46:11","slug":"4390","status":"publish","type":"post","link":"https:\/\/eva.sundstrom.st\/?p=4390","title":{"rendered":"En Fredag i Juli!"},"content":{"rendered":"<p>F\u00f6rsta semesterveckan har g\u00e5tt som ett huj, men det har varit en bra vecka. Ett\u00e5rskalas, stickning, v\u00e5ffelcaf\u00e9, barnbes\u00f6k, spinntid och ledigt, ledigt, ledigt. Dagen i dag b\u00f6rjade med att farmors E kom p\u00e5 ett kort bes\u00f6k. Lillebror A och deras pappa ocks\u00e5 f\u00f6r den delen. En snabb tur till Mariestad f\u00f6r att l\u00e4mna sonen vid stationen och sedan vidare f\u00f6r att stanna till i Hova och Riddarveckan. P\u00e5 v\u00e4g hem k\u00f6rde bilen, helt p\u00e5 egen hand, \ud83d\ude09 f\u00f6rbi H\u00e5hult och <a href=\"https:\/\/www.facebook.com\/Garntorpet?fref=ts\">Garntorpet<\/a>\ufeff. Bilen tv\u00e4rstannade d\u00e4r och jag var ju bara tvungen att g\u00e5 ur f\u00f6r att se om n\u00e5got var fel! D\u00e5 kom n\u00e5gra nystan, passande att sticka disktrasor av, och anf\u00f6ll mig. Tjatade och tjatade om att dom skulle med mig hem. Det fick dom ju s\u00e5 klart.  Inga bilder nu f\u00f6r kameran var hemma.<br \/>\nNu g\u00e5r tv\u00e4ttmaskinen och jag ska f\u00f6rbereda mig lite f\u00f6r mera barnbes\u00f6k.<br \/>\nI em\/kv\u00e4ll v\u00e4ntar vi hem dotter med familj. Sm\u00e5 godingarna  J och V.<br \/>\n\u00d6nskar alla eventuella l\u00e4sare allt gott.<br \/>\nBlir glad om du skriver en liten kommentar!<\/p>\n","protected":false},"excerpt":{"rendered":"<p>F\u00f6rsta semesterveckan har g\u00e5tt som ett huj, men det har varit en bra vecka. Ett\u00e5rskalas, stickning, v\u00e5ffelcaf\u00e9, barnbes\u00f6k, spinntid och ledigt, ledigt, ledigt. Dagen i dag b\u00f6rjade med att farmors E kom p\u00e5 ett kort bes\u00f6k. Lillebror A och deras pappa ocks\u00e5 f\u00f6r den delen. En snabb tur till Mariestad f\u00f6r att l\u00e4mna sonen vid [&hellip;]<\/p>\n","protected":false},"author":1,"featured_media":0,"comment_status":"open","ping_status":"open","sticky":false,"template":"","format":"standard","meta":{"footnotes":""},"categories":[4,9],"tags":[],"class_list":["post-4390","post","type-post","status-publish","format-standard","hentry","category-allmant","category-livet"],"_links":{"self":[{"href":"https:\/\/eva.sundstrom.st\/index.php?rest_route=\/wp\/v2\/posts\/4390","targetHints":{"allow":["GET"]}}],"collection":[{"href":"https:\/\/eva.sundstrom.st\/index.php?rest_route=\/wp\/v2\/posts"}],"about":[{"href":"https:\/\/eva.sundstrom.st\/index.php?rest_route=\/wp\/v2\/types\/post"}],"author":[{"embeddable":true,"href":"https:\/\/eva.sundstrom.st\/index.php?rest_route=\/wp\/v2\/users\/1"}],"replies":[{"embeddable":true,"href":"https:\/\/eva.sundstrom.st\/index.php?rest_route=%2Fwp%2Fv2%2Fcomments&post=4390"}],"version-history":[{"count":6,"href":"https:\/\/eva.sundstrom.st\/index.php?rest_route=\/wp\/v2\/posts\/4390\/revisions"}],"predecessor-version":[{"id":4396,"href":"https:\/\/eva.sundstrom.st\/index.php?rest_route=\/wp\/v2\/posts\/4390\/revisions\/4396"}],"wp:attachment":[{"href":"https:\/\/eva.sundstrom.st\/index.php?rest_route=%2Fwp%2Fv2%2Fmedia&parent=4390"}],"wp:term":[{"taxonomy":"category","embeddable":true,"href":"https:\/\/eva.sundstrom.st\/index.php?rest_route=%2Fwp%2Fv2%2Fcategories&post=4390"},{"taxonomy":"post_tag","embeddable":true,"href":"https:\/\/eva.sundstrom.st\/index.php?rest_route=%2Fwp%2Fv2%2Ftags&post=4390"}],"curies":[{"name":"wp","href":"https:\/\/api.w.org\/{rel}","templated":true}]}}