{"id":4402,"date":"2014-07-12T20:40:29","date_gmt":"2014-07-12T19:40:29","guid":{"rendered":"http:\/\/www.eva.sundstrom.st\/?p=4402"},"modified":"2014-07-12T20:40:29","modified_gmt":"2014-07-12T19:40:29","slug":"gult-ar-inte-fult","status":"publish","type":"post","link":"https:\/\/eva.sundstrom.st\/?p=4402","title":{"rendered":"Gult \u00e4r inte fult!"},"content":{"rendered":"<p>F\u00f6r m\u00e5nga \u00e5r sedan fick jag en gul ros.<br \/>\nDen blommade villigt och doftade gott.<br \/>\nPlanterade den i kruka och \u00f6vervintrade i komposten.<br \/>\nS\u00e5 en vinter gick n\u00e5got snett och den kom aldrig ig\u00e5ng igen p\u00e5 v\u00e5ren. Jag har saknat min gula ros allt sedan dess.<br \/>\nNu i \u00e5r har jag k\u00f6pt mig en ny<br \/>\nEn ny fin gul Fresia ros.<\/p>\n<p><a href=\"http:\/\/www.eva.sundstrom.st\/wp-content\/upload\/DSC09631blogg.jpg\"><img loading=\"lazy\" decoding=\"async\" src=\"http:\/\/www.eva.sundstrom.st\/wp-content\/upload\/DSC09631blogg.jpg\" alt=\"\" title=\"DSC09631blogg\" width=\"421\" height=\"506\" class=\"aligncenter size-full wp-image-4403\" srcset=\"https:\/\/eva.sundstrom.st\/wp-content\/upload\/DSC09631blogg.jpg 421w, https:\/\/eva.sundstrom.st\/wp-content\/upload\/DSC09631blogg-249x300.jpg 249w\" sizes=\"auto, (max-width: 421px) 100vw, 421px\" \/><\/a><\/p>\n<p><a href=\"http:\/\/www.eva.sundstrom.st\/wp-content\/upload\/DSC09641blogg.jpg\"><img loading=\"lazy\" decoding=\"async\" src=\"http:\/\/www.eva.sundstrom.st\/wp-content\/upload\/DSC09641blogg.jpg\" alt=\"\" title=\"DSC09641blogg\" width=\"486\" height=\"422\" class=\"aligncenter size-full wp-image-4404\" srcset=\"https:\/\/eva.sundstrom.st\/wp-content\/upload\/DSC09641blogg.jpg 486w, https:\/\/eva.sundstrom.st\/wp-content\/upload\/DSC09641blogg-300x260.jpg 300w\" sizes=\"auto, (max-width: 486px) 100vw, 486px\" \/><\/a><\/p>\n","protected":false},"excerpt":{"rendered":"<p>F\u00f6r m\u00e5nga \u00e5r sedan fick jag en gul ros. Den blommade villigt och doftade gott. Planterade den i kruka och \u00f6vervintrade i komposten. S\u00e5 en vinter gick n\u00e5got snett och den kom aldrig ig\u00e5ng igen p\u00e5 v\u00e5ren. Jag har saknat min gula ros allt sedan dess. Nu i \u00e5r har jag k\u00f6pt mig en ny [&hellip;]<\/p>\n","protected":false},"author":1,"featured_media":0,"comment_status":"open","ping_status":"open","sticky":false,"template":"","format":"standard","meta":{"footnotes":""},"categories":[12],"tags":[],"class_list":["post-4402","post","type-post","status-publish","format-standard","hentry","category-tradgard"],"_links":{"self":[{"href":"https:\/\/eva.sundstrom.st\/index.php?rest_route=\/wp\/v2\/posts\/4402","targetHints":{"allow":["GET"]}}],"collection":[{"href":"https:\/\/eva.sundstrom.st\/index.php?rest_route=\/wp\/v2\/posts"}],"about":[{"href":"https:\/\/eva.sundstrom.st\/index.php?rest_route=\/wp\/v2\/types\/post"}],"author":[{"embeddable":true,"href":"https:\/\/eva.sundstrom.st\/index.php?rest_route=\/wp\/v2\/users\/1"}],"replies":[{"embeddable":true,"href":"https:\/\/eva.sundstrom.st\/index.php?rest_route=%2Fwp%2Fv2%2Fcomments&post=4402"}],"version-history":[{"count":2,"href":"https:\/\/eva.sundstrom.st\/index.php?rest_route=\/wp\/v2\/posts\/4402\/revisions"}],"predecessor-version":[{"id":4406,"href":"https:\/\/eva.sundstrom.st\/index.php?rest_route=\/wp\/v2\/posts\/4402\/revisions\/4406"}],"wp:attachment":[{"href":"https:\/\/eva.sundstrom.st\/index.php?rest_route=%2Fwp%2Fv2%2Fmedia&parent=4402"}],"wp:term":[{"taxonomy":"category","embeddable":true,"href":"https:\/\/eva.sundstrom.st\/index.php?rest_route=%2Fwp%2Fv2%2Fcategories&post=4402"},{"taxonomy":"post_tag","embeddable":true,"href":"https:\/\/eva.sundstrom.st\/index.php?rest_route=%2Fwp%2Fv2%2Ftags&post=4402"}],"curies":[{"name":"wp","href":"https:\/\/api.w.org\/{rel}","templated":true}]}}