{"id":468,"date":"2008-01-02T10:06:24","date_gmt":"2008-01-02T09:06:24","guid":{"rendered":"http:\/\/www.eva.sundstrom.st\/?p=468"},"modified":"2008-01-02T10:06:24","modified_gmt":"2008-01-02T09:06:24","slug":"hej-igen","status":"publish","type":"post","link":"https:\/\/eva.sundstrom.st\/?p=468","title":{"rendered":"Hej igen"},"content":{"rendered":"<p>och god forts\u00e4ttning p\u00e5 nya \u00e5ret.<\/p>\n<p><a href='http:\/\/www.eva.sundstrom.st\/wp-content\/upload\/dsc01623.jpg' title='dsc01623.jpg'><img src='http:\/\/www.eva.sundstrom.st\/wp-content\/upload\/dsc01623.jpg' alt='dsc01623.jpg' \/><\/a><\/p>\n<p>En ny\u00e5rsbukett maken och jag fick av barnen p\u00e5 ny\u00e5rsaftonen och en <\/p>\n<p>Orkide jag fick av min man<\/p>\n<p><a href='http:\/\/www.eva.sundstrom.st\/wp-content\/upload\/dsc01618.jpg' title='dsc01618.jpg'><img src='http:\/\/www.eva.sundstrom.st\/wp-content\/upload\/dsc01618.jpg' alt='dsc01618.jpg' \/><\/a><\/p>\n<p>Nu har barnen \u00e5terv\u00e4nt hem till sig och sitt. Bara yngsten \u00e4r hemma n\u00e5gra dagar till.<\/p>\n<p>Det blir ruchit och sm\u00e5tr\u00e5ngt i v\u00e5rt lilla hus n\u00e4r alla \u00e4r hemma men det \u00e4r<br \/>\nocks\u00e5 s\u00e5 trevligt att f\u00e5 umg\u00e5s lite mer \u00e4n bara ett par timmar. <\/p>\n<p>2007 \u00e5rets stickfront slutade med en m\u00f6ssa och 2008 b\u00f6rjade med en till likadan men n\u00e5got mindre. <\/p>\n<p><a href='http:\/\/www.eva.sundstrom.st\/wp-content\/upload\/dsc01636.jpg' title='dsc01636.jpg'><img src='http:\/\/www.eva.sundstrom.st\/wp-content\/upload\/dsc01636.jpg' alt='dsc01636.jpg' \/><\/a><\/p>\n<p>Det blir till mellansonen och hans hj\u00e4rtev\u00e4n.<\/p>\n<p>Den var l\u00e4tt och snabbstickad och det finns fler som \u00f6nskar sig en s\u00e5n.<\/p>\n<p>Hundarna har ju ocks\u00e5 varit med f\u00f6rst\u00e5ss<\/p>\n<p>H\u00e4r kurar Billy ihop sig p\u00e5 mattan<\/p>\n<p><a href='http:\/\/www.eva.sundstrom.st\/wp-content\/upload\/dsc01655.jpg' title='dsc01655.jpg'><img src='http:\/\/www.eva.sundstrom.st\/wp-content\/upload\/dsc01655.jpg' alt='dsc01655.jpg' \/><\/a><\/p>\n<p>Och gammelman Sampa som vet att f\u00f6rse sig med sk\u00f6na sovplatser letar reda p\u00e5 extrat\u00e4cket som g\u00f6mts bakom soffan.<br \/>\nLigger det p\u00e5 golvet m\u00e5ste det v\u00e4ll vara till f\u00f6r mig?<\/p>\n<p><a href='http:\/\/www.eva.sundstrom.st\/wp-content\/upload\/dsc01668.jpg' title='dsc01668.jpg'><img src='http:\/\/www.eva.sundstrom.st\/wp-content\/upload\/dsc01668.jpg' alt='dsc01668.jpg' \/><\/a><\/p>\n<p>\u00c5rets julklapp i mina \u00f6gon  <\/p>\n<p><a href='http:\/\/www.eva.sundstrom.st\/wp-content\/upload\/dsc01679.jpg' title='dsc01679.jpg'><img src='http:\/\/www.eva.sundstrom.st\/wp-content\/upload\/dsc01679.jpg' alt='dsc01679.jpg' \/><\/a><\/p>\n<p>En nystmaskin som jag redan invigt och kommer att f\u00e5 mycke anv\u00e4ndning f\u00f6r.<br \/>\nH\u00e4r nystar jag om det bl\u00e5 garnet jag k\u00f6pte i <a href=\"http:\/\/www.eva.sundstrom.st\/?p=344\">september<\/a><\/p>\n<p>Tanken \u00e4r att garnet ska bli en kofta och det stickas med tv\u00e5 tr\u00e5dar. Smidigare med ett nystan \u00e4n tv\u00e5.<\/p>\n<p>Nu ska jag ta en runda bland bloggarna och se hur ni har det.<br \/>\n\u00d6nskar er alla ett lugnt och gott 2008.<\/p>\n","protected":false},"excerpt":{"rendered":"<p>och god forts\u00e4ttning p\u00e5 nya \u00e5ret. En ny\u00e5rsbukett maken och jag fick av barnen p\u00e5 ny\u00e5rsaftonen och en Orkide jag fick av min man Nu har barnen \u00e5terv\u00e4nt hem till sig och sitt. Bara yngsten \u00e4r hemma n\u00e5gra dagar till. Det blir ruchit och sm\u00e5tr\u00e5ngt i v\u00e5rt lilla hus n\u00e4r alla \u00e4r hemma men det [&hellip;]<\/p>\n","protected":false},"author":1,"featured_media":0,"comment_status":"open","ping_status":"open","sticky":false,"template":"","format":"standard","meta":{"footnotes":""},"categories":[1],"tags":[],"class_list":["post-468","post","type-post","status-publish","format-standard","hentry","category-uncategorized"],"_links":{"self":[{"href":"https:\/\/eva.sundstrom.st\/index.php?rest_route=\/wp\/v2\/posts\/468","targetHints":{"allow":["GET"]}}],"collection":[{"href":"https:\/\/eva.sundstrom.st\/index.php?rest_route=\/wp\/v2\/posts"}],"about":[{"href":"https:\/\/eva.sundstrom.st\/index.php?rest_route=\/wp\/v2\/types\/post"}],"author":[{"embeddable":true,"href":"https:\/\/eva.sundstrom.st\/index.php?rest_route=\/wp\/v2\/users\/1"}],"replies":[{"embeddable":true,"href":"https:\/\/eva.sundstrom.st\/index.php?rest_route=%2Fwp%2Fv2%2Fcomments&post=468"}],"version-history":[{"count":0,"href":"https:\/\/eva.sundstrom.st\/index.php?rest_route=\/wp\/v2\/posts\/468\/revisions"}],"wp:attachment":[{"href":"https:\/\/eva.sundstrom.st\/index.php?rest_route=%2Fwp%2Fv2%2Fmedia&parent=468"}],"wp:term":[{"taxonomy":"category","embeddable":true,"href":"https:\/\/eva.sundstrom.st\/index.php?rest_route=%2Fwp%2Fv2%2Fcategories&post=468"},{"taxonomy":"post_tag","embeddable":true,"href":"https:\/\/eva.sundstrom.st\/index.php?rest_route=%2Fwp%2Fv2%2Ftags&post=468"}],"curies":[{"name":"wp","href":"https:\/\/api.w.org\/{rel}","templated":true}]}}