{"id":482,"date":"2008-01-16T15:45:12","date_gmt":"2008-01-16T14:45:12","guid":{"rendered":"http:\/\/www.eva.sundstrom.st\/?p=482"},"modified":"2008-01-16T17:13:19","modified_gmt":"2008-01-16T16:13:19","slug":"vartecken","status":"publish","type":"post","link":"https:\/\/eva.sundstrom.st\/?p=482","title":{"rendered":"V"},"content":{"rendered":"<p>N\u00e4r jag h\u00e4mtade posten i dag uppt\u00e4cte jag detta<\/p>\n<p><a href='http:\/\/www.eva.sundstrom.st\/wp-content\/upload\/dsc01700.jpg' title='dsc01700.jpg'><img src='http:\/\/www.eva.sundstrom.st\/wp-content\/upload\/dsc01700.jpg' alt='dsc01700.jpg' \/><\/a><\/p>\n<p>Fort in efter kameran och en sv\u00e4ng i \u00f6vriga tr\u00e4dg\u00e5rden.<br \/>\nDet kanske finns mera.<\/p>\n<p><a href='http:\/\/www.eva.sundstrom.st\/wp-content\/upload\/dsc01702.jpg' title='dsc01702.jpg'><img src='http:\/\/www.eva.sundstrom.st\/wp-content\/upload\/dsc01702.jpg' alt='dsc01702.jpg' \/><\/a><\/p>\n<p>F\u00f6rra \u00e5ret statte jag dom h\u00e4r i en kruka tillsamans med n\u00e5gra andra v\u00e5rl\u00f6kar och en liten h\u00e4ngselg. <\/p>\n<p><a href='http:\/\/www.eva.sundstrom.st\/wp-content\/upload\/dsc01706.jpg' title='dsc01706.jpg'><img src='http:\/\/www.eva.sundstrom.st\/wp-content\/upload\/dsc01706.jpg' alt='dsc01706.jpg' \/><\/a><\/p>\n<p>I h\u00f6stas tog jag upp hela jordklumpen ur krukan och gr\u00e4vde ner alltihop.<br \/>\nSeljen ser r\u00e4tt d\u00f6d ut men vi f\u00e5r v\u00e4ll se. L\u00f6karna kommer ju och det var mer \u00e4n jag v\u00e4ntade mig.<\/p>\n<p>Krokus hade jag petat ner p\u00e5 ett st\u00e4lle till och se.<\/p>\n<p><a href='http:\/\/www.eva.sundstrom.st\/wp-content\/upload\/dsc01707.jpg' title='dsc01707.jpg'><img src='http:\/\/www.eva.sundstrom.st\/wp-content\/upload\/dsc01707.jpg' alt='dsc01707.jpg' \/><\/a><\/p>\n<p>N\u00e5gon v\u00e5rv\u00e4rme k\u00e4nde jag inte s\u00e5 det fick r\u00e4cka med detta. <\/p>\n<p>I kv\u00e4ll b\u00f6rjar vi med handarbetscf\u00e9 i f\u00f6rsamlingshemmet igen. Planerar att tr\u00e4ffas varannan onsdag under v\u00e5ren.<br \/>\n Ha det gott.<\/p>\n","protected":false},"excerpt":{"rendered":"<p>N\u00e4r jag h\u00e4mtade posten i dag uppt\u00e4cte jag detta Fort in efter kameran och en sv\u00e4ng i \u00f6vriga tr\u00e4dg\u00e5rden. Det kanske finns mera. F\u00f6rra \u00e5ret statte jag dom h\u00e4r i en kruka tillsamans med n\u00e5gra andra v\u00e5rl\u00f6kar och en liten h\u00e4ngselg. I h\u00f6stas tog jag upp hela jordklumpen ur krukan och gr\u00e4vde ner alltihop. Seljen [&hellip;]<\/p>\n","protected":false},"author":1,"featured_media":0,"comment_status":"open","ping_status":"open","sticky":false,"template":"","format":"standard","meta":{"footnotes":""},"categories":[1],"tags":[],"class_list":["post-482","post","type-post","status-publish","format-standard","hentry","category-uncategorized"],"_links":{"self":[{"href":"https:\/\/eva.sundstrom.st\/index.php?rest_route=\/wp\/v2\/posts\/482","targetHints":{"allow":["GET"]}}],"collection":[{"href":"https:\/\/eva.sundstrom.st\/index.php?rest_route=\/wp\/v2\/posts"}],"about":[{"href":"https:\/\/eva.sundstrom.st\/index.php?rest_route=\/wp\/v2\/types\/post"}],"author":[{"embeddable":true,"href":"https:\/\/eva.sundstrom.st\/index.php?rest_route=\/wp\/v2\/users\/1"}],"replies":[{"embeddable":true,"href":"https:\/\/eva.sundstrom.st\/index.php?rest_route=%2Fwp%2Fv2%2Fcomments&post=482"}],"version-history":[{"count":0,"href":"https:\/\/eva.sundstrom.st\/index.php?rest_route=\/wp\/v2\/posts\/482\/revisions"}],"wp:attachment":[{"href":"https:\/\/eva.sundstrom.st\/index.php?rest_route=%2Fwp%2Fv2%2Fmedia&parent=482"}],"wp:term":[{"taxonomy":"category","embeddable":true,"href":"https:\/\/eva.sundstrom.st\/index.php?rest_route=%2Fwp%2Fv2%2Fcategories&post=482"},{"taxonomy":"post_tag","embeddable":true,"href":"https:\/\/eva.sundstrom.st\/index.php?rest_route=%2Fwp%2Fv2%2Ftags&post=482"}],"curies":[{"name":"wp","href":"https:\/\/api.w.org\/{rel}","templated":true}]}}