{"id":491,"date":"2008-01-22T21:39:44","date_gmt":"2008-01-22T20:39:44","guid":{"rendered":"http:\/\/www.eva.sundstrom.st\/?p=491"},"modified":"2008-01-22T21:39:44","modified_gmt":"2008-01-22T20:39:44","slug":"jag-antar-utmaningen","status":"publish","type":"post","link":"https:\/\/eva.sundstrom.st\/?p=491","title":{"rendered":"Jag antar utmaningen."},"content":{"rendered":"<p>Jag fick utmanigen  av <a href=\"http:\/\/alnerud.tradgardsblogg.se\">Birgitta<\/a> <\/p>\n<p>Trillade liksom dit av bara farten och t\u00e4nkte AJ D\u00c5.<br \/>\nS\u00e5 \u00e4r jag ju lite nyfiken p\u00e5 vad hon ska hitta p\u00e5, s\u00e5 efter moget \u00f6verv\u00e4gande<br \/>\nF\u00e5r jag tre kommentarer, eller fler, s\u00e5 f\u00e5r dom tre f\u00f6rsta ett litet paket n\u00e5gon g\u00e5ng under \u00e5ret. F\u00f6rutsatt att dom antar utmaningen.<\/p>\n<p>Gjorde en shopping runda p\u00e5 k\u00f6pcentret Marieberg  i g\u00e5r. IKEA fick ocks\u00e5 bes\u00f6k och s\u00e5 en snabbis in till stan \u00d6rebro. D\u00e4r bes\u00f6ktes Trend Tyg &#038; Garn f\u00f6r att ink\u00f6pa ett nystan svart vinga.<br \/>\nETT ynka litet nystan och se vad som slank ner i p\u00e5sen.<\/p>\n<p><a href='http:\/\/www.eva.sundstrom.st\/wp-content\/upload\/dsc01727.jpg' title='dsc01727.jpg'><img src='http:\/\/www.eva.sundstrom.st\/wp-content\/upload\/dsc01727.jpg' alt='dsc01727.jpg' \/><\/a><\/p>\n<p>Bilden f\u00f6rm\u00f6rkade cotton viscosen.  Ja ja dom f\u00e5r v\u00e4ll ligga h\u00e4r ett tag d\u00e5 om dom s\u00e5 g\u00e4rna vill.<br \/>\nUndrar just vad det blir f\u00f6r sockar i februari. Kanske hade jag beh\u00f6vt k\u00f6pa mer garn???<\/p>\n<p>Nu ska jag g\u00f6ra kv\u00e4ll s\u00e5 det blir natt n\u00e5gon g\u00e5ng. Har ganska stort s\u00f6mnbehov som s\u00e4llan blir riktigt tillfredsst\u00e4llt.<br \/>\nI morgon ska jag, och fem kolegor, p\u00e5 en tv\u00e5dagars kurs med \u00f6vernattning p\u00e5 Hotel Norra V\u00e4ttern i Askersund.<br \/>\nDet ska bli intressant.<\/p>\n<p>Lev v\u00e4l och m\u00e5 gott.<\/p>\n","protected":false},"excerpt":{"rendered":"<p>Jag fick utmanigen av Birgitta Trillade liksom dit av bara farten och t\u00e4nkte AJ D\u00c5. S\u00e5 \u00e4r jag ju lite nyfiken p\u00e5 vad hon ska hitta p\u00e5, s\u00e5 efter moget \u00f6verv\u00e4gande F\u00e5r jag tre kommentarer, eller fler, s\u00e5 f\u00e5r dom tre f\u00f6rsta ett litet paket n\u00e5gon g\u00e5ng under \u00e5ret. F\u00f6rutsatt att dom antar utmaningen. Gjorde [&hellip;]<\/p>\n","protected":false},"author":1,"featured_media":0,"comment_status":"open","ping_status":"open","sticky":false,"template":"","format":"standard","meta":{"footnotes":""},"categories":[1],"tags":[],"class_list":["post-491","post","type-post","status-publish","format-standard","hentry","category-uncategorized"],"_links":{"self":[{"href":"https:\/\/eva.sundstrom.st\/index.php?rest_route=\/wp\/v2\/posts\/491","targetHints":{"allow":["GET"]}}],"collection":[{"href":"https:\/\/eva.sundstrom.st\/index.php?rest_route=\/wp\/v2\/posts"}],"about":[{"href":"https:\/\/eva.sundstrom.st\/index.php?rest_route=\/wp\/v2\/types\/post"}],"author":[{"embeddable":true,"href":"https:\/\/eva.sundstrom.st\/index.php?rest_route=\/wp\/v2\/users\/1"}],"replies":[{"embeddable":true,"href":"https:\/\/eva.sundstrom.st\/index.php?rest_route=%2Fwp%2Fv2%2Fcomments&post=491"}],"version-history":[{"count":0,"href":"https:\/\/eva.sundstrom.st\/index.php?rest_route=\/wp\/v2\/posts\/491\/revisions"}],"wp:attachment":[{"href":"https:\/\/eva.sundstrom.st\/index.php?rest_route=%2Fwp%2Fv2%2Fmedia&parent=491"}],"wp:term":[{"taxonomy":"category","embeddable":true,"href":"https:\/\/eva.sundstrom.st\/index.php?rest_route=%2Fwp%2Fv2%2Fcategories&post=491"},{"taxonomy":"post_tag","embeddable":true,"href":"https:\/\/eva.sundstrom.st\/index.php?rest_route=%2Fwp%2Fv2%2Ftags&post=491"}],"curies":[{"name":"wp","href":"https:\/\/api.w.org\/{rel}","templated":true}]}}