{"id":493,"date":"2008-01-27T16:03:45","date_gmt":"2008-01-27T15:03:45","guid":{"rendered":"http:\/\/www.eva.sundstrom.st\/?p=493"},"modified":"2008-02-07T21:48:10","modified_gmt":"2008-02-07T20:48:10","slug":"solig-sondag","status":"publish","type":"post","link":"https:\/\/eva.sundstrom.st\/?p=493","title":{"rendered":"Solig s"},"content":{"rendered":"<p>I dag har vi sett solen. Helt underbart.<\/p>\n<p>Kursen \u00e4r avklarad och den var j\u00e4ttebra. Dagarna gick aldeles f\u00f6r fort.<\/p>\n<p>Hade planerat att bes\u00f6ka Nettans garn <\/p>\n<p><a href='http:\/\/www.eva.sundstrom.st\/wp-content\/upload\/p7060013.jpg' title='p7060013.jpg'><img src='http:\/\/www.eva.sundstrom.st\/wp-content\/upload\/p7060013.jpg' alt='p7060013.jpg' \/><\/a><\/p>\n<p>men hon hade st\u00e4ngt \ud83d\ude41<br \/>\nHon har bytt lokal sedan det h\u00e4r kortet togs s\u00e5 jag vet inte hur det ser ut nu.<\/p>\n<p>S\u00e5 har jag haft ledig fredag och helg sk\u00f6\u00f6nt.<\/p>\n<p>I l\u00f6rdags firade vi f\u00f6delsedag.<\/p>\n<p>Presenter f\u00f6rst\u00e5ss ,\u00e4delostfylld fl\u00e4skfil\u00e9, klyftpotatis, sallad, s\u00e5s, bl\u00e5b\u00e4rspaj och hemlagad vaniljs\u00e5s, kaffe och chokladmar\u00e4ngt\u00e5rta med mandarinklyftor och gr\u00e4dde.<\/p>\n<p>En fin bukett<\/p>\n<p><a href='http:\/\/www.eva.sundstrom.st\/wp-content\/upload\/dsc01763.jpg' title='dsc01763.jpg'><img src='http:\/\/www.eva.sundstrom.st\/wp-content\/upload\/dsc01763.jpg' alt='dsc01763.jpg' \/><\/a><\/p>\n<p>En v\u00e4lbeh\u00f6vlig skogspromenad kl\u00e4mdes in mellan kaffet och maten.<\/p>\n<p>I dag fick vi \u00f6verrakande bes\u00f6k av sl\u00e4ktigar.<br \/>\nJ\u00e4tteroligt att dom gav sig tid att stanna till n\u00e4r dom \u00e4nd\u00e5  \u00e5kte v\u00e4gen f\u00f6rbi.<\/p>\n<p>Har b\u00f6rjat sticka p\u00e5 februarisockan. rosa alpacka, som jag hade i mitt &#8221;lilla&#8221; lager. Tiden f\u00e5r utvisa om storleken p\u00e5v\u00e4rkas i fel riktning.<br \/>\nKort kommer senare.<\/p>\n<p>Har lite f\u00f6r br\u00e5ttom n\u00e4r jag l\u00e4ser beskrivningar s\u00e5 jag missade dom vrida maskorna i res\u00e5ren.<br \/>\nSedan \u00e4r det ju inte helt s\u00e4kert att jag f\u00f6ljt beskrivningen \u00e4ven om jag sett det. Har en f\u00f6rk\u00e4rlek till res\u00e5r med tv\u00e5 ava tv\u00e5 r\u00e4ta n\u00e4r det g\u00e4ller sockar.<\/p>\n<p>Vi h\u00f6rs.<\/p>\n","protected":false},"excerpt":{"rendered":"<p>I dag har vi sett solen. Helt underbart. Kursen \u00e4r avklarad och den var j\u00e4ttebra. Dagarna gick aldeles f\u00f6r fort. Hade planerat att bes\u00f6ka Nettans garn men hon hade st\u00e4ngt \ud83d\ude41 Hon har bytt lokal sedan det h\u00e4r kortet togs s\u00e5 jag vet inte hur det ser ut nu. S\u00e5 har jag haft ledig fredag [&hellip;]<\/p>\n","protected":false},"author":1,"featured_media":0,"comment_status":"open","ping_status":"open","sticky":false,"template":"","format":"standard","meta":{"footnotes":""},"categories":[1],"tags":[],"class_list":["post-493","post","type-post","status-publish","format-standard","hentry","category-uncategorized"],"_links":{"self":[{"href":"https:\/\/eva.sundstrom.st\/index.php?rest_route=\/wp\/v2\/posts\/493","targetHints":{"allow":["GET"]}}],"collection":[{"href":"https:\/\/eva.sundstrom.st\/index.php?rest_route=\/wp\/v2\/posts"}],"about":[{"href":"https:\/\/eva.sundstrom.st\/index.php?rest_route=\/wp\/v2\/types\/post"}],"author":[{"embeddable":true,"href":"https:\/\/eva.sundstrom.st\/index.php?rest_route=\/wp\/v2\/users\/1"}],"replies":[{"embeddable":true,"href":"https:\/\/eva.sundstrom.st\/index.php?rest_route=%2Fwp%2Fv2%2Fcomments&post=493"}],"version-history":[{"count":0,"href":"https:\/\/eva.sundstrom.st\/index.php?rest_route=\/wp\/v2\/posts\/493\/revisions"}],"wp:attachment":[{"href":"https:\/\/eva.sundstrom.st\/index.php?rest_route=%2Fwp%2Fv2%2Fmedia&parent=493"}],"wp:term":[{"taxonomy":"category","embeddable":true,"href":"https:\/\/eva.sundstrom.st\/index.php?rest_route=%2Fwp%2Fv2%2Fcategories&post=493"},{"taxonomy":"post_tag","embeddable":true,"href":"https:\/\/eva.sundstrom.st\/index.php?rest_route=%2Fwp%2Fv2%2Ftags&post=493"}],"curies":[{"name":"wp","href":"https:\/\/api.w.org\/{rel}","templated":true}]}}