{"id":4938,"date":"2015-07-03T18:40:15","date_gmt":"2015-07-03T17:40:15","guid":{"rendered":"http:\/\/www.eva.sundstrom.st\/?p=4938"},"modified":"2015-07-03T18:40:15","modified_gmt":"2015-07-03T17:40:15","slug":"mera-tradgard","status":"publish","type":"post","link":"https:\/\/eva.sundstrom.st\/?p=4938","title":{"rendered":"Mera tr\u00e4dg\u00e5rd!"},"content":{"rendered":"<p>Vita liljan som v\u00e4xer ner mot skogen<\/p>\n<p><a href=\"http:\/\/www.eva.sundstrom.st\/wp-content\/upload\/20150703_131117-1.jpg\"><img loading=\"lazy\" decoding=\"async\" src=\"http:\/\/www.eva.sundstrom.st\/wp-content\/upload\/20150703_131117-1-300x300.jpg\" alt=\"20150703_131117-1\" width=\"300\" height=\"300\" class=\"aligncenter size-medium wp-image-4940\" srcset=\"https:\/\/eva.sundstrom.st\/wp-content\/upload\/20150703_131117-1-300x300.jpg 300w, https:\/\/eva.sundstrom.st\/wp-content\/upload\/20150703_131117-1-150x150.jpg 150w, https:\/\/eva.sundstrom.st\/wp-content\/upload\/20150703_131117-1-1024x1024.jpg 1024w\" sizes=\"auto, (max-width: 300px) 100vw, 300px\" \/><\/a><\/p>\n<p>Och i rabatten runt stenen blommar Midsommaraster<\/p>\n<p><a href=\"http:\/\/www.eva.sundstrom.st\/wp-content\/upload\/20150703_190742-2.jpg\"><img loading=\"lazy\" decoding=\"async\" src=\"http:\/\/www.eva.sundstrom.st\/wp-content\/upload\/20150703_190742-2-300x300.jpg\" alt=\"20150703_190742-2\" width=\"300\" height=\"300\" class=\"aligncenter size-medium wp-image-4943\" srcset=\"https:\/\/eva.sundstrom.st\/wp-content\/upload\/20150703_190742-2-300x300.jpg 300w, https:\/\/eva.sundstrom.st\/wp-content\/upload\/20150703_190742-2-150x150.jpg 150w, https:\/\/eva.sundstrom.st\/wp-content\/upload\/20150703_190742-2-1024x1024.jpg 1024w\" sizes=\"auto, (max-width: 300px) 100vw, 300px\" \/><\/a> <\/p>\n<p>Rosa nejlikor \u00e4r p\u00e5 G<\/p>\n<p><a href=\"http:\/\/www.eva.sundstrom.st\/wp-content\/upload\/20150703_190753-1.jpg\"><img loading=\"lazy\" decoding=\"async\" src=\"http:\/\/www.eva.sundstrom.st\/wp-content\/upload\/20150703_190753-1-286x300.jpg\" alt=\"20150703_190753-1\" width=\"286\" height=\"300\" class=\"aligncenter size-medium wp-image-4945\" srcset=\"https:\/\/eva.sundstrom.st\/wp-content\/upload\/20150703_190753-1-286x300.jpg 286w, https:\/\/eva.sundstrom.st\/wp-content\/upload\/20150703_190753-1-977x1024.jpg 977w\" sizes=\"auto, (max-width: 286px) 100vw, 286px\" \/><\/a><\/p>\n<p>Och massor av knoppar finns \u00e4ven p\u00e5 den m\u00f6rkare och lite l\u00e4gre nejlikan. En har slagit ut<\/p>\n<p><a href=\"http:\/\/www.eva.sundstrom.st\/wp-content\/upload\/20150703_190801-1.jpg\"><img loading=\"lazy\" decoding=\"async\" src=\"http:\/\/www.eva.sundstrom.st\/wp-content\/upload\/20150703_190801-1-300x300.jpg\" alt=\"20150703_190801-1\" width=\"300\" height=\"300\" class=\"aligncenter size-medium wp-image-4946\" srcset=\"https:\/\/eva.sundstrom.st\/wp-content\/upload\/20150703_190801-1-300x300.jpg 300w, https:\/\/eva.sundstrom.st\/wp-content\/upload\/20150703_190801-1-150x150.jpg 150w, https:\/\/eva.sundstrom.st\/wp-content\/upload\/20150703_190801-1-1024x1024.jpg 1024w\" sizes=\"auto, (max-width: 300px) 100vw, 300px\" \/><\/a><\/p>\n<p>Bergkn\u00e4an knoppas<\/p>\n<p><a href=\"http:\/\/www.eva.sundstrom.st\/wp-content\/upload\/20150703_190819-1.jpg\"><img loading=\"lazy\" decoding=\"async\" src=\"http:\/\/www.eva.sundstrom.st\/wp-content\/upload\/20150703_190819-1-300x262.jpg\" alt=\"20150703_190819-1\" width=\"300\" height=\"262\" class=\"aligncenter size-medium wp-image-4948\" srcset=\"https:\/\/eva.sundstrom.st\/wp-content\/upload\/20150703_190819-1-300x262.jpg 300w, https:\/\/eva.sundstrom.st\/wp-content\/upload\/20150703_190819-1-1024x897.jpg 1024w\" sizes=\"auto, (max-width: 300px) 100vw, 300px\" \/><\/a><\/p>\n<p>Och nere vid stenen blommar Toffelblomman som jag f\u00e5tt fr\u00e5n Sm\u00e5land med tre sm\u00e5 blommor!<\/p>\n<p><a href=\"http:\/\/www.eva.sundstrom.st\/wp-content\/upload\/20150703_190836-1.jpg\"><img loading=\"lazy\" decoding=\"async\" src=\"http:\/\/www.eva.sundstrom.st\/wp-content\/upload\/20150703_190836-1-300x227.jpg\" alt=\"20150703_190836-1\" width=\"300\" height=\"227\" class=\"aligncenter size-medium wp-image-4949\" srcset=\"https:\/\/eva.sundstrom.st\/wp-content\/upload\/20150703_190836-1-300x227.jpg 300w, https:\/\/eva.sundstrom.st\/wp-content\/upload\/20150703_190836-1-1024x776.jpg 1024w\" sizes=\"auto, (max-width: 300px) 100vw, 300px\" \/><\/a><\/p>\n","protected":false},"excerpt":{"rendered":"<p>Vita liljan som v\u00e4xer ner mot skogen Och i rabatten runt stenen blommar Midsommaraster Rosa nejlikor \u00e4r p\u00e5 G Och massor av knoppar finns \u00e4ven p\u00e5 den m\u00f6rkare och lite l\u00e4gre nejlikan. En har slagit ut Bergkn\u00e4an knoppas Och nere vid stenen blommar Toffelblomman som jag f\u00e5tt fr\u00e5n Sm\u00e5land med tre sm\u00e5 blommor!<\/p>\n","protected":false},"author":1,"featured_media":0,"comment_status":"open","ping_status":"open","sticky":false,"template":"","format":"standard","meta":{"footnotes":""},"categories":[12],"tags":[],"class_list":["post-4938","post","type-post","status-publish","format-standard","hentry","category-tradgard"],"_links":{"self":[{"href":"https:\/\/eva.sundstrom.st\/index.php?rest_route=\/wp\/v2\/posts\/4938","targetHints":{"allow":["GET"]}}],"collection":[{"href":"https:\/\/eva.sundstrom.st\/index.php?rest_route=\/wp\/v2\/posts"}],"about":[{"href":"https:\/\/eva.sundstrom.st\/index.php?rest_route=\/wp\/v2\/types\/post"}],"author":[{"embeddable":true,"href":"https:\/\/eva.sundstrom.st\/index.php?rest_route=\/wp\/v2\/users\/1"}],"replies":[{"embeddable":true,"href":"https:\/\/eva.sundstrom.st\/index.php?rest_route=%2Fwp%2Fv2%2Fcomments&post=4938"}],"version-history":[{"count":5,"href":"https:\/\/eva.sundstrom.st\/index.php?rest_route=\/wp\/v2\/posts\/4938\/revisions"}],"predecessor-version":[{"id":4950,"href":"https:\/\/eva.sundstrom.st\/index.php?rest_route=\/wp\/v2\/posts\/4938\/revisions\/4950"}],"wp:attachment":[{"href":"https:\/\/eva.sundstrom.st\/index.php?rest_route=%2Fwp%2Fv2%2Fmedia&parent=4938"}],"wp:term":[{"taxonomy":"category","embeddable":true,"href":"https:\/\/eva.sundstrom.st\/index.php?rest_route=%2Fwp%2Fv2%2Fcategories&post=4938"},{"taxonomy":"post_tag","embeddable":true,"href":"https:\/\/eva.sundstrom.st\/index.php?rest_route=%2Fwp%2Fv2%2Ftags&post=4938"}],"curies":[{"name":"wp","href":"https:\/\/api.w.org\/{rel}","templated":true}]}}