{"id":5014,"date":"2015-08-17T08:12:10","date_gmt":"2015-08-17T07:12:10","guid":{"rendered":"http:\/\/www.eva.sundstrom.st\/?p=5014"},"modified":"2015-08-17T08:12:10","modified_gmt":"2015-08-17T07:12:10","slug":"mandag15-08-17","status":"publish","type":"post","link":"https:\/\/eva.sundstrom.st\/?p=5014","title":{"rendered":"M\u00e5ndag15-08-17"},"content":{"rendered":"<p>B\u00f6rjar denna veckan med att ta ut en semesterdag.<br \/>\nM\u00e5nga b\u00f6rjar om att jobba i dag och m\u00e5nga b\u00f6rjar skolan.<br \/>\nT\u00e4nk att mormors lille J fyller 6 \u00e5r i h\u00f6st och b\u00f6rjar f\u00f6rskolan.<\/p>\n<p><a href=\"http:\/\/www.eva.sundstrom.st\/wp-content\/upload\/dsc054122.jpg\"><img loading=\"lazy\" decoding=\"async\" src=\"http:\/\/www.eva.sundstrom.st\/wp-content\/upload\/dsc054122.jpg\" alt=\"dsc054122\" width=\"552\" height=\"379\" class=\"aligncenter size-full wp-image-2016\" srcset=\"https:\/\/eva.sundstrom.st\/wp-content\/upload\/dsc054122.jpg 552w, https:\/\/eva.sundstrom.st\/wp-content\/upload\/dsc054122-300x205.jpg 300w\" sizes=\"auto, (max-width: 552px) 100vw, 552px\" \/><\/a><\/p>\n<p>Vart har dom h\u00e4r \u00e5ren tagit v\u00e4gen?<\/p>\n<p>Dagens blomma f\u00e5r bli praktklockan<\/p>\n<p><a href=\"http:\/\/www.eva.sundstrom.st\/wp-content\/upload\/DSC00350Blogg.jpg\"><img loading=\"lazy\" decoding=\"async\" src=\"http:\/\/www.eva.sundstrom.st\/wp-content\/upload\/DSC00350Blogg.jpg\" alt=\"DSC00350Blogg\" width=\"454\" height=\"522\" class=\"aligncenter size-full wp-image-5015\" srcset=\"https:\/\/eva.sundstrom.st\/wp-content\/upload\/DSC00350Blogg.jpg 454w, https:\/\/eva.sundstrom.st\/wp-content\/upload\/DSC00350Blogg-260x300.jpg 260w\" sizes=\"auto, (max-width: 454px) 100vw, 454px\" \/><\/a><\/p>\n","protected":false},"excerpt":{"rendered":"<p>B\u00f6rjar denna veckan med att ta ut en semesterdag. M\u00e5nga b\u00f6rjar om att jobba i dag och m\u00e5nga b\u00f6rjar skolan. T\u00e4nk att mormors lille J fyller 6 \u00e5r i h\u00f6st och b\u00f6rjar f\u00f6rskolan. Vart har dom h\u00e4r \u00e5ren tagit v\u00e4gen? Dagens blomma f\u00e5r bli praktklockan<\/p>\n","protected":false},"author":1,"featured_media":0,"comment_status":"open","ping_status":"open","sticky":false,"template":"","format":"standard","meta":{"footnotes":""},"categories":[9,12],"tags":[],"class_list":["post-5014","post","type-post","status-publish","format-standard","hentry","category-livet","category-tradgard"],"_links":{"self":[{"href":"https:\/\/eva.sundstrom.st\/index.php?rest_route=\/wp\/v2\/posts\/5014","targetHints":{"allow":["GET"]}}],"collection":[{"href":"https:\/\/eva.sundstrom.st\/index.php?rest_route=\/wp\/v2\/posts"}],"about":[{"href":"https:\/\/eva.sundstrom.st\/index.php?rest_route=\/wp\/v2\/types\/post"}],"author":[{"embeddable":true,"href":"https:\/\/eva.sundstrom.st\/index.php?rest_route=\/wp\/v2\/users\/1"}],"replies":[{"embeddable":true,"href":"https:\/\/eva.sundstrom.st\/index.php?rest_route=%2Fwp%2Fv2%2Fcomments&post=5014"}],"version-history":[{"count":2,"href":"https:\/\/eva.sundstrom.st\/index.php?rest_route=\/wp\/v2\/posts\/5014\/revisions"}],"predecessor-version":[{"id":5017,"href":"https:\/\/eva.sundstrom.st\/index.php?rest_route=\/wp\/v2\/posts\/5014\/revisions\/5017"}],"wp:attachment":[{"href":"https:\/\/eva.sundstrom.st\/index.php?rest_route=%2Fwp%2Fv2%2Fmedia&parent=5014"}],"wp:term":[{"taxonomy":"category","embeddable":true,"href":"https:\/\/eva.sundstrom.st\/index.php?rest_route=%2Fwp%2Fv2%2Fcategories&post=5014"},{"taxonomy":"post_tag","embeddable":true,"href":"https:\/\/eva.sundstrom.st\/index.php?rest_route=%2Fwp%2Fv2%2Ftags&post=5014"}],"curies":[{"name":"wp","href":"https:\/\/api.w.org\/{rel}","templated":true}]}}