{"id":5031,"date":"2015-09-05T20:12:45","date_gmt":"2015-09-05T19:12:45","guid":{"rendered":"http:\/\/www.eva.sundstrom.st\/?p=5031"},"modified":"2015-09-05T20:12:45","modified_gmt":"2015-09-05T19:12:45","slug":"september","status":"publish","type":"post","link":"https:\/\/eva.sundstrom.st\/?p=5031","title":{"rendered":"September"},"content":{"rendered":"<p>Det har till och med hunnit bli 5 september.<br \/>\nVart tog d\u00e5 sommaren 2015 v\u00e4gen?<br \/>\nDen b\u00f6rjade med regn och kyliga vindar.<\/p>\n<p>Juni b\u00f6rjade med magsjuka och fortsatte med f\u00f6rkylning.<\/p>\n<p>Midsommar kom med semesterstart och skapligt v\u00e4der.<br \/>\nHelgen avslutades med god mat och en del lek p\u00e5 <a href=\"https:\/\/www.facebook.com\/norrqvarn?fref=ts\">Norrqvarn<\/a>. <\/p>\n<p><a href=\"http:\/\/www.eva.sundstrom.st\/wp-content\/upload\/20150621_141644-002Blogg.jpg\"><img loading=\"lazy\" decoding=\"async\" src=\"http:\/\/www.eva.sundstrom.st\/wp-content\/upload\/20150621_141644-002Blogg.jpg\" alt=\"20150621_141644-002Blogg\" width=\"466\" height=\"172\" class=\"aligncenter size-full wp-image-5033\" srcset=\"https:\/\/eva.sundstrom.st\/wp-content\/upload\/20150621_141644-002Blogg.jpg 466w, https:\/\/eva.sundstrom.st\/wp-content\/upload\/20150621_141644-002Blogg-300x110.jpg 300w\" sizes=\"auto, (max-width: 466px) 100vw, 466px\" \/><\/a><\/p>\n<p>Juni fortsatte med mer f\u00f6rkylning och bih\u00e5leproblem och penicillin.<br \/>\nH\u00e4ngigt v\u00e4rre.<br \/>\nSjukskrivning och en sista semestervecka.<\/p>\n<p>En och annan biltur <\/p>\n<p><a href=\"http:\/\/www.eva.sundstrom.st\/wp-content\/upload\/20150801_174524blogg.jpg\"><img loading=\"lazy\" decoding=\"async\" src=\"http:\/\/www.eva.sundstrom.st\/wp-content\/upload\/20150801_174524blogg.jpg\" alt=\"20150801_174524blogg\" width=\"544\" height=\"323\" class=\"aligncenter size-full wp-image-5035\" srcset=\"https:\/\/eva.sundstrom.st\/wp-content\/upload\/20150801_174524blogg.jpg 544w, https:\/\/eva.sundstrom.st\/wp-content\/upload\/20150801_174524blogg-300x178.jpg 300w\" sizes=\"auto, (max-width: 544px) 100vw, 544px\" \/><\/a><\/p>\n<p>tillsammans med maken blev det<\/p>\n<p>Juli fortsatte med mer bih\u00e5leproblem och mer penicillin.<br \/>\nKan man d\u00e5 inte vara i solen och orken knappt r\u00e4cker till f\u00f6r att klara jobbet, ja, vad g\u00f6r man d\u00e5?<br \/>\nJo,  en del stickat har f\u00e4rdigst\u00e4llts. <\/p>\n<p><a href=\"http:\/\/www.eva.sundstrom.st\/wp-content\/upload\/2015-09-01-001blogg.jpg\"><img loading=\"lazy\" decoding=\"async\" src=\"http:\/\/www.eva.sundstrom.st\/wp-content\/upload\/2015-09-01-001blogg.jpg\" alt=\"2015-09-01 001blogg!\" width=\"512\" height=\"384\" class=\"aligncenter size-full wp-image-5036\" srcset=\"https:\/\/eva.sundstrom.st\/wp-content\/upload\/2015-09-01-001blogg.jpg 512w, https:\/\/eva.sundstrom.st\/wp-content\/upload\/2015-09-01-001blogg-300x225.jpg 300w\" sizes=\"auto, (max-width: 512px) 100vw, 512px\" \/><\/a><\/p>\n<p>S\u00e5 avslutade sommaren med lite halsfluss tv\u00e5 veckors sjukskrivning och \u00e4nnu en pc-kur. <\/p>\n<p>Forts\u00e4tter sticka och hoppas p\u00e5 en fin h\u00f6st.<br \/>\nHa det gott. <\/p>\n","protected":false},"excerpt":{"rendered":"<p>Det har till och med hunnit bli 5 september. Vart tog d\u00e5 sommaren 2015 v\u00e4gen? Den b\u00f6rjade med regn och kyliga vindar. Juni b\u00f6rjade med magsjuka och fortsatte med f\u00f6rkylning. Midsommar kom med semesterstart och skapligt v\u00e4der. Helgen avslutades med god mat och en del lek p\u00e5 Norrqvarn. Juni fortsatte med mer f\u00f6rkylning och bih\u00e5leproblem [&hellip;]<\/p>\n","protected":false},"author":1,"featured_media":0,"comment_status":"open","ping_status":"open","sticky":false,"template":"","format":"standard","meta":{"footnotes":""},"categories":[9],"tags":[],"class_list":["post-5031","post","type-post","status-publish","format-standard","hentry","category-livet"],"_links":{"self":[{"href":"https:\/\/eva.sundstrom.st\/index.php?rest_route=\/wp\/v2\/posts\/5031","targetHints":{"allow":["GET"]}}],"collection":[{"href":"https:\/\/eva.sundstrom.st\/index.php?rest_route=\/wp\/v2\/posts"}],"about":[{"href":"https:\/\/eva.sundstrom.st\/index.php?rest_route=\/wp\/v2\/types\/post"}],"author":[{"embeddable":true,"href":"https:\/\/eva.sundstrom.st\/index.php?rest_route=\/wp\/v2\/users\/1"}],"replies":[{"embeddable":true,"href":"https:\/\/eva.sundstrom.st\/index.php?rest_route=%2Fwp%2Fv2%2Fcomments&post=5031"}],"version-history":[{"count":4,"href":"https:\/\/eva.sundstrom.st\/index.php?rest_route=\/wp\/v2\/posts\/5031\/revisions"}],"predecessor-version":[{"id":5038,"href":"https:\/\/eva.sundstrom.st\/index.php?rest_route=\/wp\/v2\/posts\/5031\/revisions\/5038"}],"wp:attachment":[{"href":"https:\/\/eva.sundstrom.st\/index.php?rest_route=%2Fwp%2Fv2%2Fmedia&parent=5031"}],"wp:term":[{"taxonomy":"category","embeddable":true,"href":"https:\/\/eva.sundstrom.st\/index.php?rest_route=%2Fwp%2Fv2%2Fcategories&post=5031"},{"taxonomy":"post_tag","embeddable":true,"href":"https:\/\/eva.sundstrom.st\/index.php?rest_route=%2Fwp%2Fv2%2Ftags&post=5031"}],"curies":[{"name":"wp","href":"https:\/\/api.w.org\/{rel}","templated":true}]}}