{"id":506,"date":"2008-02-06T19:49:22","date_gmt":"2008-02-06T18:49:22","guid":{"rendered":"http:\/\/www.eva.sundstrom.st\/?p=506"},"modified":"2008-02-06T19:51:04","modified_gmt":"2008-02-06T18:51:04","slug":"fofkylningen","status":"publish","type":"post","link":"https:\/\/eva.sundstrom.st\/?p=506","title":{"rendered":"F"},"content":{"rendered":"<p>ger med sig och jag har jobbat som jag skulle efter helgen.<\/p>\n<p>Dottern och &#8221;lille&#8221; Billy kom p\u00e5 blixtvisit.<br \/>\nMen vart tog matte v\u00e4gen<\/p>\n<p><a href='http:\/\/www.eva.sundstrom.st\/wp-content\/upload\/dsc01833.jpg' title='dsc01833.jpg'><img src='http:\/\/www.eva.sundstrom.st\/wp-content\/upload\/dsc01833.jpg' alt='dsc01833.jpg' \/><\/a><\/p>\n<p>jag t\u00e4nker inte titta p\u00e5  eller komma till dig<\/p>\n<p><a href='http:\/\/www.eva.sundstrom.st\/wp-content\/upload\/dsc01835.jpg' title='dsc01835.jpg'><img src='http:\/\/www.eva.sundstrom.st\/wp-content\/upload\/dsc01835.jpg' alt='dsc01835.jpg' \/><\/a><\/p>\n<p>Se upp, nu kommer nog matte<\/p>\n<p><a href='http:\/\/www.eva.sundstrom.st\/wp-content\/upload\/dsc01836.jpg' title='dsc01836.jpg'><img src='http:\/\/www.eva.sundstrom.st\/wp-content\/upload\/dsc01836.jpg' alt='dsc01836.jpg' \/><\/a><\/p>\n<p>Fy vad du tjatar,,,<a href='http:\/\/www.eva.sundstrom.st\/wp-content\/upload\/dsc01837.jpg' title='dsc01837.jpg'><img src='http:\/\/www.eva.sundstrom.st\/wp-content\/upload\/dsc01837.jpg' alt='dsc01837.jpg' \/><\/a><\/p>\n<p>Inte helt klara bilder men det k\u00e4ndes precis som om han t\u00e4nkte s\u00e5 h\u00e4r.<br \/>\nDet &#8221;lilla&#8221; goa lurvetrollet.<\/p>\n<p>P\u00e5 jobbet har magbaciller smugit sig in p\u00e5 en avdelnig men vi har tappert f\u00f6rs\u00f6kt isolera hela den avdelningen.<br \/>\nBara tiden kan visa om vi lyckats.<br \/>\nFramf\u00f6r mig har jag n\u00e5gra lediga dagar och ett minil\u00e4ger fr\u00e5n l\u00f6rd.till s\u00f6nd. f\u00f6r miniorgruppen. <\/p>\n<p>Februarisockarna \u00e4r ju klara och sen har jag bara koftan och en stor sjal p\u00e5 G. S\u00e5nna jobb som man m\u00e5ste f\u00e5 sitta ifred med en stund om man tar fram och b\u00f6rjar p\u00e5 det. <\/p>\n<p>Beh\u00f6ver n\u00e5got litet och l\u00e4tt.<\/p>\n<p>Skulle kanske ha g\u00e5tt med i pulsklubben ocks\u00e5.<br \/>\nF\u00e5r nog f\u00f6rs\u00f6ka leta reda p\u00e5 n\u00e5got m\u00f6nster och se om restgarnet fr\u00e5n aporna och februari kan r\u00e4cka till n\u00e5got.<br \/>\nHa det bra.<\/p>\n","protected":false},"excerpt":{"rendered":"<p>ger med sig och jag har jobbat som jag skulle efter helgen. Dottern och &#8221;lille&#8221; Billy kom p\u00e5 blixtvisit. Men vart tog matte v\u00e4gen jag t\u00e4nker inte titta p\u00e5 eller komma till dig Se upp, nu kommer nog matte Fy vad du tjatar,,, Inte helt klara bilder men det k\u00e4ndes precis som om han t\u00e4nkte [&hellip;]<\/p>\n","protected":false},"author":1,"featured_media":0,"comment_status":"open","ping_status":"open","sticky":false,"template":"","format":"standard","meta":{"footnotes":""},"categories":[1],"tags":[],"class_list":["post-506","post","type-post","status-publish","format-standard","hentry","category-uncategorized"],"_links":{"self":[{"href":"https:\/\/eva.sundstrom.st\/index.php?rest_route=\/wp\/v2\/posts\/506","targetHints":{"allow":["GET"]}}],"collection":[{"href":"https:\/\/eva.sundstrom.st\/index.php?rest_route=\/wp\/v2\/posts"}],"about":[{"href":"https:\/\/eva.sundstrom.st\/index.php?rest_route=\/wp\/v2\/types\/post"}],"author":[{"embeddable":true,"href":"https:\/\/eva.sundstrom.st\/index.php?rest_route=\/wp\/v2\/users\/1"}],"replies":[{"embeddable":true,"href":"https:\/\/eva.sundstrom.st\/index.php?rest_route=%2Fwp%2Fv2%2Fcomments&post=506"}],"version-history":[{"count":0,"href":"https:\/\/eva.sundstrom.st\/index.php?rest_route=\/wp\/v2\/posts\/506\/revisions"}],"wp:attachment":[{"href":"https:\/\/eva.sundstrom.st\/index.php?rest_route=%2Fwp%2Fv2%2Fmedia&parent=506"}],"wp:term":[{"taxonomy":"category","embeddable":true,"href":"https:\/\/eva.sundstrom.st\/index.php?rest_route=%2Fwp%2Fv2%2Fcategories&post=506"},{"taxonomy":"post_tag","embeddable":true,"href":"https:\/\/eva.sundstrom.st\/index.php?rest_route=%2Fwp%2Fv2%2Ftags&post=506"}],"curies":[{"name":"wp","href":"https:\/\/api.w.org\/{rel}","templated":true}]}}