{"id":5108,"date":"2015-12-31T20:08:50","date_gmt":"2015-12-31T19:08:50","guid":{"rendered":"http:\/\/www.eva.sundstrom.st\/?p=5108"},"modified":"2015-12-31T20:08:50","modified_gmt":"2015-12-31T19:08:50","slug":"nyarsafton-2015","status":"publish","type":"post","link":"https:\/\/eva.sundstrom.st\/?p=5108","title":{"rendered":"Ny\u00e5rsafton 2015"},"content":{"rendered":"<p>Blogga eller inte blogga!<br \/>\nIbland t\u00e4nker jag att det \u00e4r lika bra att l\u00e4gga ner detta med att ha en blogg-<br \/>\nD\u00e5. f\u00f6r flera \u00e5r sedan k\u00e4ndes det helt ok.<br \/>\nEn blogg om handarbete och livet<br \/>\nJa, vad skulle den annars handla om?<br \/>\nVad m\u00e4n \u00e4n pyssla med s\u00e5 \u00e4r h\u00e4nderna f\u00f6r det mesta med och d\u00e5 \u00e4r det v\u00e4l ett handarbete?<\/p>\n<p>Under h\u00f6sten har v\u00e4l bloggen f\u00e5tt st\u00e5 tillbaka \u00e4n mer och jag har verkligen inte varit flitig med nya inl\u00e4gg.<br \/>\nHar faktiskt k\u00e4nt mig sliten hela h\u00f6sten efter sommarens envisa infektioner.<br \/>\nS\u00e5 sp\u00e4ddes det p\u00e5 med en ny f\u00f6rkylning straxt f\u00f6re jul och s\u00e5 lite magsjuka p\u00e5 det h\u00e4r i mellandagarna.<br \/>\n\u00c4ven om jag ibland k\u00e4nt mig r\u00e4tt s\u00e5 under isen s\u00e5 ger jag nog inte upp \u00e4nnu. <\/p>\n<p>Har haft m\u00e5nga ljusa stunder ocks\u00e5, mycket som jag \u00e4r glad och tacksam f\u00f6r.<\/p>\n<p>En trogen, hj\u00e4lpande make<br \/>\nDom fyra &#8221;sm\u00e5&#8221; underbara barnen, numera v\u00e4ldigt vuxna, som \u00e4nd\u00e5 finns d\u00e4r.<br \/>\nDeras ingifta h\u00e4lfter (g\u00f6r ingen skillnad p\u00e5 sambos) som jag \u00e4lskar som mina egna och jag tor inte dom tycker &#8221;sv\u00e4rmor&#8221; \u00e4r allt f\u00f6r besv\u00e4rlig.<\/p>\n<p>S\u00e5 \u00e4r det dom d\u00e4r fyra sm\u00e5. Dom som tillh\u00f6r n\u00e4sta generation.<br \/>\nJag vet. Man ska inte prata om barnbarnen hit och dit.Det finns s\u00e5 m\u00e5nga som aldrig fick n\u00e5gra egna barn och s\u00f6rjer det djupt.<br \/>\nJag s\u00f6rjer med dom men kan ju inte \u00e4lska och gl\u00e4djas mindre \u00f6ver mina g\u00e5vor f\u00f6r det.<br \/>\nJag blir varm b\u00e5de i sj\u00e4len och hj\u00e4rtat n\u00e4r jag t\u00e4nker p\u00e5 dessa sm\u00e5 liv. H\u00f6r deras sm\u00e5 r\u00f6ster och ser dom skutta omkring och leka!<br \/>\nFyra helt egna personligheter!<\/p>\n<p>Ull och handarbetstr\u00e4ffarna i f\u00f6rsamlingshemmet \u00e4r ocks\u00e5 gl\u00e4dje\u00e4mnen.<br \/>\nSm\u00e5 fikaprathandarbetsstunder  p\u00e5 Gamla Posten hos <a href=\"https:\/\/www.facebook.com\/Lanttantensbutik\/?fref=ts\">Andrea<\/a> och <a href=\"https:\/\/www.facebook.com\/PysselPrinsessa\/?fref=ts\">Irma<\/a><\/p>\n<p>Resan till Ritsem<br \/>\n<a href=\"http:\/\/www.eva.sundstrom.st\/wp-content\/upload\/20150912_154806Blogg.jpg\"><img loading=\"lazy\" decoding=\"async\" src=\"http:\/\/www.eva.sundstrom.st\/wp-content\/upload\/20150912_154806Blogg.jpg\" alt=\"20150912_154806Blogg\" width=\"532\" height=\"299\" class=\"aligncenter size-full wp-image-5052\" srcset=\"https:\/\/eva.sundstrom.st\/wp-content\/upload\/20150912_154806Blogg.jpg 532w, https:\/\/eva.sundstrom.st\/wp-content\/upload\/20150912_154806Blogg-300x168.jpg 300w\" sizes=\"auto, (max-width: 532px) 100vw, 532px\" \/><\/a><br \/>\noch de minnen den gav lyfte hela h\u00f6sten. Tack k\u00e4ra sv\u00e4gerska f\u00f6r att du h\u00e4ngde med!<\/p>\n<p>Med en vit amaryllis vill jag \u00f6nska er ev l\u00e4sare ett riktigt<br \/>\nGOTT NYTT \u00c5R.<\/p>\n<p><a href=\"http:\/\/www.eva.sundstrom.st\/wp-content\/upload\/20151230_1830140-001.jpg\"><img loading=\"lazy\" decoding=\"async\" src=\"http:\/\/www.eva.sundstrom.st\/wp-content\/upload\/20151230_1830140-001.jpg\" alt=\"20151230_183014(0)-001\" width=\"447\" height=\"537\" class=\"aligncenter size-full wp-image-5111\" srcset=\"https:\/\/eva.sundstrom.st\/wp-content\/upload\/20151230_1830140-001.jpg 447w, https:\/\/eva.sundstrom.st\/wp-content\/upload\/20151230_1830140-001-249x300.jpg 249w\" sizes=\"auto, (max-width: 447px) 100vw, 447px\" \/><\/a><\/p>\n","protected":false},"excerpt":{"rendered":"<p>Blogga eller inte blogga! Ibland t\u00e4nker jag att det \u00e4r lika bra att l\u00e4gga ner detta med att ha en blogg- D\u00e5. f\u00f6r flera \u00e5r sedan k\u00e4ndes det helt ok. En blogg om handarbete och livet Ja, vad skulle den annars handla om? Vad m\u00e4n \u00e4n pyssla med s\u00e5 \u00e4r h\u00e4nderna f\u00f6r det mesta med [&hellip;]<\/p>\n","protected":false},"author":1,"featured_media":0,"comment_status":"open","ping_status":"open","sticky":false,"template":"","format":"standard","meta":{"footnotes":""},"categories":[1],"tags":[],"class_list":["post-5108","post","type-post","status-publish","format-standard","hentry","category-uncategorized"],"_links":{"self":[{"href":"https:\/\/eva.sundstrom.st\/index.php?rest_route=\/wp\/v2\/posts\/5108","targetHints":{"allow":["GET"]}}],"collection":[{"href":"https:\/\/eva.sundstrom.st\/index.php?rest_route=\/wp\/v2\/posts"}],"about":[{"href":"https:\/\/eva.sundstrom.st\/index.php?rest_route=\/wp\/v2\/types\/post"}],"author":[{"embeddable":true,"href":"https:\/\/eva.sundstrom.st\/index.php?rest_route=\/wp\/v2\/users\/1"}],"replies":[{"embeddable":true,"href":"https:\/\/eva.sundstrom.st\/index.php?rest_route=%2Fwp%2Fv2%2Fcomments&post=5108"}],"version-history":[{"count":3,"href":"https:\/\/eva.sundstrom.st\/index.php?rest_route=\/wp\/v2\/posts\/5108\/revisions"}],"predecessor-version":[{"id":5112,"href":"https:\/\/eva.sundstrom.st\/index.php?rest_route=\/wp\/v2\/posts\/5108\/revisions\/5112"}],"wp:attachment":[{"href":"https:\/\/eva.sundstrom.st\/index.php?rest_route=%2Fwp%2Fv2%2Fmedia&parent=5108"}],"wp:term":[{"taxonomy":"category","embeddable":true,"href":"https:\/\/eva.sundstrom.st\/index.php?rest_route=%2Fwp%2Fv2%2Fcategories&post=5108"},{"taxonomy":"post_tag","embeddable":true,"href":"https:\/\/eva.sundstrom.st\/index.php?rest_route=%2Fwp%2Fv2%2Ftags&post=5108"}],"curies":[{"name":"wp","href":"https:\/\/api.w.org\/{rel}","templated":true}]}}