{"id":513,"date":"2008-02-11T21:46:06","date_gmt":"2008-02-11T20:46:06","guid":{"rendered":"http:\/\/www.eva.sundstrom.st\/?p=513"},"modified":"2008-02-11T21:46:06","modified_gmt":"2008-02-11T20:46:06","slug":"minilager","status":"publish","type":"post","link":"https:\/\/eva.sundstrom.st\/?p=513","title":{"rendered":"Minil"},"content":{"rendered":"<p>Fr\u00e5n  l\u00f6rdag  till s\u00f6ndag hade vi minil\u00e4ger i f\u00f6rsamlingshemmet.<br \/>\nDetta sker i SKUFFS regi.<br \/>\nSKUFF st\u00e5r f\u00f6r  Svenska Kyrkans Unga Finner\u00f6dja F\u00f6rsamling.<br \/>\nBarnen som deltar i den grupp jag \u00e4r med i \u00e4r fr\u00e5n 7-11 \u00e5r. <\/p>\n<p>I \u00e5r var det 12 h\u00e4rliga barn som var med.<br \/>\nVi b\u00f6rjade med lite samling f\u00f6r information och bordsplasering. Sedan blev det saft och bulle.<br \/>\nEfter detta packad Eva S sin cykel<\/p>\n<p><a href='http:\/\/www.eva.sundstrom.st\/wp-content\/upload\/dsc01873.jpg'title='dsc01873.jpg'><img   src='http:\/\/www.eva.sundstrom.st\/wp-content\/upload\/dsc01873.jpg' alt='dsc01873.jpg'   \/><\/a>  <\/p>\n<p>Grillkol, korvbr\u00f6d, festisar, och korv och s\u00e5 bar det av ut i skogen.<br \/>\nTv\u00e5 andra ledare f\u00f6ljer barnen p\u00e5 en tippspromenad med allehanda kluriga fr\u00e5gor.<\/p>\n<p>Efter n\u00e4stan halva promenaden kommer s\u00e5 alla fram till en gammal kolarplats.<\/p>\n<p><a href='http:\/\/www.eva.sundstrom.st\/wp-content\/upload\/dsc01908.jpg' title='dsc01908.jpg'><img src='http:\/\/www.eva.sundstrom.st\/wp-content\/upload\/dsc01908.jpg' alt='dsc01908.jpg' \/><\/a><\/p>\n<p>D\u00e4r har jag f\u00e5tt fyr p\u00e5 ved och kol<\/p>\n<p><a href='http:\/\/www.eva.sundstrom.st\/wp-content\/upload\/dsc01875.jpg' title='dsc01875.jpg'><img src='http:\/\/www.eva.sundstrom.st\/wp-content\/upload\/dsc01875.jpg' alt='dsc01875.jpg' \/><\/a><\/p>\n<p>R\u00f6ken svepte in \u00f6ver skogen och f\u00f6rvarnad barnen om att snart vankades det n\u00e5got \u00e4tbart.<\/p>\n<p><a href='http:\/\/www.eva.sundstrom.st\/wp-content\/upload\/dsc01876.jpg' title='dsc01876.jpg'><img src='http:\/\/www.eva.sundstrom.st\/wp-content\/upload\/dsc01876.jpg' alt='dsc01876.jpg' \/><\/a><\/p>\n<p>Detta \u00e4r en plats inte alls l\u00e5ngt fr\u00e5n sammh\u00e4llet.<br \/>\nN\u00e4r vi flytttade hit,  ca  30 \u00e5r sedan, Hade kulturf\u00f6reningen ett str\u00e4vsamt g\u00e4ng som byggde upp och kolade en mila h\u00e4r varje h\u00f6st.<br \/>\nI den h\u00e4r boden<\/p>\n<p><a href='http:\/\/www.eva.sundstrom.st\/wp-content\/upload\/dsc01907.jpg' title='dsc01907.jpg'><img src='http:\/\/www.eva.sundstrom.st\/wp-content\/upload\/dsc01907.jpg' alt='dsc01907.jpg' \/><\/a><\/p>\n<p>kunde man k\u00f6pa kaffe, korv och vid speciella tillf\u00e4llen \u00e4ven kolbullar.<\/p>\n<p>P\u00e5 scenen f\u00f6rekomm d\u00e5 och d\u00e5 underh\u00e5llnig.<br \/>\nGunde Johansson var h\u00e4r flera g\u00e5nger.<\/p>\n<p><a href='http:\/\/www.eva.sundstrom.st\/wp-content\/upload\/dsc01901.jpg' title='dsc01901.jpg'><img src='http:\/\/www.eva.sundstrom.st\/wp-content\/upload\/dsc01901.jpg' alt='dsc01901.jpg' \/><\/a><\/p>\n<p>I kolarkojan har med all s\u00e4kerhet m\u00e5nga historier ber\u00e4ttats.<\/p>\n<p><a href='http:\/\/www.eva.sundstrom.st\/wp-content\/upload\/dsc01902.jpg' title='dsc01902.jpg'><img src='http:\/\/www.eva.sundstrom.st\/wp-content\/upload\/dsc01902.jpg' alt='dsc01902.jpg' \/><\/a><\/p>\n<p>P\u00e5 den tiden fanns tv\u00e5 vindskydd. <\/p>\n<p><a href='http:\/\/www.eva.sundstrom.st\/wp-content\/upload\/dsc01896.jpg' title='dsc01896.jpg'><img src='http:\/\/www.eva.sundstrom.st\/wp-content\/upload\/dsc01896.jpg' alt='dsc01896.jpg' \/><\/a><\/p>\n<p>Framf\u00f6r vindskydden fanns eldtunnor <\/p>\n<p><a href='http:\/\/www.eva.sundstrom.st\/wp-content\/upload\/dsc01900.jpg' title='dsc01900.jpg'><img src='http:\/\/www.eva.sundstrom.st\/wp-content\/upload\/dsc01900.jpg' alt='dsc01900.jpg' \/><\/a><\/p>\n<p>d\u00e4r man kunde grilla korv eller bara elda en liten mysbrasa.<\/p>\n<p>Under dom veckor p\u00e5 h\u00f6sten som milan var ig\u00e5ng var detta en naturlig samlingsplats.<br \/>\nN\u00e4r orken b\u00f6rjade tryta f\u00f6r dessa \u00e4ldre herrar dog hela verksamheten ut.<br \/>\nNu f\u00f6rfaller alltihop och snart finns bara minnen kvar.<\/p>\n<p>Tillbaka i f\u00f6rsamlingshemmet <\/p>\n<p><a href='http:\/\/www.eva.sundstrom.st\/wp-content\/upload\/dsc01910.jpg' title='dsc01910.jpg'><img src='http:\/\/www.eva.sundstrom.st\/wp-content\/upload\/dsc01910.jpg' alt='dsc01910.jpg' \/><\/a><\/p>\n<p>fylldes eftermiddagen och kv\u00e4llen av olika aktiviteter.<br \/>\nDet bakades till s\u00f6ndagens kyrkkaffe<\/p>\n<p>Muffins<\/p>\n<p><a href='http:\/\/www.eva.sundstrom.st\/wp-content\/upload\/dsc01879.jpg' title='dsc01879.jpg'><img src='http:\/\/www.eva.sundstrom.st\/wp-content\/upload\/dsc01879.jpg' alt='dsc01879.jpg' \/><\/a><\/p>\n<p>Havrekakor<\/p>\n<p><a href='http:\/\/www.eva.sundstrom.st\/wp-content\/upload\/dsc01886.jpg' title='dsc01886.jpg'><img src='http:\/\/www.eva.sundstrom.st\/wp-content\/upload\/dsc01886.jpg' alt='dsc01886.jpg' \/><\/a>   <\/p>\n<p>och  hallongrottor  <\/p>\n<p><a href='http:\/\/www.eva.sundstrom.st\/wp-content\/upload\/dsc01877.jpg' title='dsc01877.jpg'><img src='http:\/\/www.eva.sundstrom.st\/wp-content\/upload\/dsc01877.jpg' alt='dsc01877.jpg' \/><\/a><\/p>\n<p>Vi m\u00e5lade p\u00e5 glas.<\/p>\n<p><a href='http:\/\/www.eva.sundstrom.st\/wp-content\/upload\/dsc01880.jpg' title='dsc01880.jpg'><img src='http:\/\/www.eva.sundstrom.st\/wp-content\/upload\/dsc01880.jpg' alt='dsc01880.jpg' \/><\/a><\/p>\n<p>Jag blir lika f\u00f6rundrad varje g\u00e5ng vi g\u00f6r s\u00e5nna h\u00e4r saker.<br \/>\nBarnen \u00e4r s\u00e5 duktiga. Kommer dom bara ig\u00e5ng s\u00e5 kan dom g\u00f6ra j\u00e4ttefina saker.<\/p>\n<p><a href='http:\/\/www.eva.sundstrom.st\/wp-content\/upload\/dsc01881.jpg' title='dsc01881.jpg'><img src='http:\/\/www.eva.sundstrom.st\/wp-content\/upload\/dsc01881.jpg' alt='dsc01881.jpg' \/><\/a><\/p>\n<p><a href='http:\/\/www.eva.sundstrom.st\/wp-content\/upload\/dsc01882.jpg' title='dsc01882.jpg'><img src='http:\/\/www.eva.sundstrom.st\/wp-content\/upload\/dsc01882.jpg' alt='dsc01882.jpg' \/><\/a><\/p>\n<p>Det lektes lekar som fruktsallad, &#8221;g\u00f6mma kossa&#8221; och kura g\u00f6mma.<br \/>\nMycke s\u00e5nga ocks\u00e5 . Gruppen \u00e4r j\u00e4tteduktiga p\u00e5 att sjunga.<br \/>\nL\u00f6rdagen avslutas med sagostund i mysh\u00f6rnan, som jag inte hann f\u00e5 n\u00e5got kort p\u00e5, och sist en kort aftonb\u00f6n i kyrkan.<br \/>\nD\u00e5 har vi m\u00e5lade ljuslyktor utefter kyrg\u00e5ngen fram till koret. D\u00e4r finns \u00e4nnu mera levande ljus. Bara n\u00e5gon enstaka elektrisk lampa lyser.<br \/>\nDetta \u00e4r en stund i kyrkan med mycke h\u00f6g mysfaktor.<\/p>\n<p>P\u00e5 s\u00f6ndagsmorgonen fick unertecknad detta paket!<\/p>\n<p><a href='http:\/\/www.eva.sundstrom.st\/wp-content\/upload\/dsc01889.jpg' title='dsc01889.jpg'><img src='http:\/\/www.eva.sundstrom.st\/wp-content\/upload\/dsc01889.jpg' alt='dsc01889.jpg' \/><\/a><\/p>\n<p>Efter frukost fick alla smaka<\/p>\n<p><a href='http:\/\/www.eva.sundstrom.st\/wp-content\/upload\/dsc01895.jpg' title='dsc01895.jpg'><img src='http:\/\/www.eva.sundstrom.st\/wp-content\/upload\/dsc01895.jpg' alt='dsc01895.jpg' \/><\/a><\/p>\n<p>Under f\u00f6rmiddagen \u00f6vades s\u00e5nger f\u00f6r gudstj\u00e4nsten. Vi hittade p\u00e5 sagor utifr\u00e5n givna ord.<br \/>\n\u00c4ven sagor d\u00e4r vi fortsatte fritt utifr\u00e5n vad som sagts n\u00e4r turen kom till mig. Efter gudstj\u00e4nsten  bjuds p\u00e5 kyrkkaffe och l\u00e4gret \u00e4r slut.<\/p>\n<p>S\u00f6ndag eftermiddag \u00e4r b\u00e5de barn och ledare tr\u00f6tta det kan jag lova.<br \/>\nKan bara s\u00e4ga tack till alla barn  som tycker det \u00e4r roligt att vara med i miniorgruppen. Och f\u00f6r\u00e4ldrarna som st\u00f6ttar, barnen s\u00e5 dom kan komma hit, och oss ledare med allehanda uppmuntran.<br \/>\nS\u00e5 d\u00e4r. Nu har jag skrivit av mig helgens intryck.<br \/>\nHoppas jag inte skr\u00e4mt bort n\u00e5gon.<br \/>\nM\u00e5 gott. Vi h\u00f6rs.<\/p>\n","protected":false},"excerpt":{"rendered":"<p>Fr\u00e5n l\u00f6rdag till s\u00f6ndag hade vi minil\u00e4ger i f\u00f6rsamlingshemmet. Detta sker i SKUFFS regi. SKUFF st\u00e5r f\u00f6r Svenska Kyrkans Unga Finner\u00f6dja F\u00f6rsamling. Barnen som deltar i den grupp jag \u00e4r med i \u00e4r fr\u00e5n 7-11 \u00e5r. I \u00e5r var det 12 h\u00e4rliga barn som var med. Vi b\u00f6rjade med lite samling f\u00f6r information och bordsplasering. [&hellip;]<\/p>\n","protected":false},"author":1,"featured_media":0,"comment_status":"open","ping_status":"open","sticky":false,"template":"","format":"standard","meta":{"footnotes":""},"categories":[1],"tags":[],"class_list":["post-513","post","type-post","status-publish","format-standard","hentry","category-uncategorized"],"_links":{"self":[{"href":"https:\/\/eva.sundstrom.st\/index.php?rest_route=\/wp\/v2\/posts\/513","targetHints":{"allow":["GET"]}}],"collection":[{"href":"https:\/\/eva.sundstrom.st\/index.php?rest_route=\/wp\/v2\/posts"}],"about":[{"href":"https:\/\/eva.sundstrom.st\/index.php?rest_route=\/wp\/v2\/types\/post"}],"author":[{"embeddable":true,"href":"https:\/\/eva.sundstrom.st\/index.php?rest_route=\/wp\/v2\/users\/1"}],"replies":[{"embeddable":true,"href":"https:\/\/eva.sundstrom.st\/index.php?rest_route=%2Fwp%2Fv2%2Fcomments&post=513"}],"version-history":[{"count":0,"href":"https:\/\/eva.sundstrom.st\/index.php?rest_route=\/wp\/v2\/posts\/513\/revisions"}],"wp:attachment":[{"href":"https:\/\/eva.sundstrom.st\/index.php?rest_route=%2Fwp%2Fv2%2Fmedia&parent=513"}],"wp:term":[{"taxonomy":"category","embeddable":true,"href":"https:\/\/eva.sundstrom.st\/index.php?rest_route=%2Fwp%2Fv2%2Fcategories&post=513"},{"taxonomy":"post_tag","embeddable":true,"href":"https:\/\/eva.sundstrom.st\/index.php?rest_route=%2Fwp%2Fv2%2Ftags&post=513"}],"curies":[{"name":"wp","href":"https:\/\/api.w.org\/{rel}","templated":true}]}}