{"id":5354,"date":"2016-09-04T11:52:05","date_gmt":"2016-09-04T10:52:05","guid":{"rendered":"http:\/\/www.eva.sundstrom.st\/?p=5354"},"modified":"2016-09-04T11:52:05","modified_gmt":"2016-09-04T10:52:05","slug":"sommaren-2016","status":"publish","type":"post","link":"https:\/\/eva.sundstrom.st\/?p=5354","title":{"rendered":"Sommaren 2016"},"content":{"rendered":"<p>Hela sommaren har g\u00e5tt och h\u00e4r har inte skrivits en endaste rad!<\/p>\n<p>Sommaren 2016 har \u00e4nd\u00e5 varit betydligt b\u00e4ttre \u00e4n 2015. Minns inte s\u00e5 mycket av v\u00e4dret f\u00f6rra \u00e5ret, bara att jag alltid \u00e5t antibiotika  n\u00e4r det var solsken!<br \/>\nInga s\u00e5dana kurer denna sommar och \u00e4ven om bih\u00e5lor och h\u00f6rselg\u00e5ngar fortfarande \u00e4r mer eller mindre t\u00e4ta \u00e4r orken och lusten s\u00e5 mycket b\u00e4ttre.<br \/>\nDet har stickats en hel del. Disktrasor i m\u00e4ngder. En tr\u00f6ja till J, en filt och en liten kofta till kassen f\u00f6r &#8221;beh\u00f6vande&#8221;. En krokad filt har ocks\u00e5 \u00e4ntligen blivit klar och hamnat i samma kasse.<\/p>\n<p><a href=\"http:\/\/www.eva.sundstrom.st\/wp-content\/upload\/2016-Hatverk-Blogg.jpg\"><img loading=\"lazy\" decoding=\"async\" src=\"http:\/\/www.eva.sundstrom.st\/wp-content\/upload\/2016-Hatverk-Blogg-300x224.jpg\" alt=\"2016 Hatverk Blogg\" width=\"300\" height=\"224\" class=\"aligncenter size-medium wp-image-5360\" srcset=\"https:\/\/eva.sundstrom.st\/wp-content\/upload\/2016-Hatverk-Blogg-300x224.jpg 300w, https:\/\/eva.sundstrom.st\/wp-content\/upload\/2016-Hatverk-Blogg.jpg 615w\" sizes=\"auto, (max-width: 300px) 100vw, 300px\" \/><\/a><\/p>\n<p>Spunnit en del och ut\u00f6kat spinnrocksf\u00f6rr\u00e5det med en komplett liten rock som \u00e4r sk\u00f6n att spinna p\u00e5 och en liten sk\u00f6nhet som dessv\u00e4rre inte \u00e4r komplett men bara s\u00e5 s\u00f6t!<\/p>\n<p>L\u00e5nat p\u00e5 biblioteket och lyssnat p\u00e5 &#8221;l\u00e5na \u00e4r silver, R\u00e5na \u00e4r guld&#8221; och &#8221;R\u00e5n och inga visor&#8221;. L\u00e4ttlyssnade men gl\u00f6mde ta bild.<\/p>\n<p>L\u00e4st<br \/>\n<a href=\"http:\/\/www.eva.sundstrom.st\/wp-content\/upload\/20160904_110056.jpg\"><img loading=\"lazy\" decoding=\"async\" src=\"http:\/\/www.eva.sundstrom.st\/wp-content\/upload\/20160904_110056-188x300.jpg\" alt=\"20160904_110056\" width=\"188\" height=\"300\" class=\"aligncenter size-medium wp-image-5355\" srcset=\"https:\/\/eva.sundstrom.st\/wp-content\/upload\/20160904_110056-188x300.jpg 188w, https:\/\/eva.sundstrom.st\/wp-content\/upload\/20160904_110056-644x1024.jpg 644w\" sizes=\"auto, (max-width: 188px) 100vw, 188px\" \/><\/a><\/p>\n<p>Har tidigare l\u00e4st flera b\u00f6cker av denna f\u00f6rfattare och tyckt att det var bra b\u00f6cker s\u00e5 n\u00e4r jag fann denna till halva reapriset s\u00e5 slog jag till.<\/p>\n<p><a href=\"http:\/\/www.eva.sundstrom.st\/wp-content\/upload\/20160904_110144.jpg\"><img loading=\"lazy\" decoding=\"async\" src=\"http:\/\/www.eva.sundstrom.st\/wp-content\/upload\/20160904_110144-300x168.jpg\" alt=\"20160904_110144\" width=\"300\" height=\"168\" class=\"aligncenter size-medium wp-image-5356\" srcset=\"https:\/\/eva.sundstrom.st\/wp-content\/upload\/20160904_110144-300x168.jpg 300w, https:\/\/eva.sundstrom.st\/wp-content\/upload\/20160904_110144-1024x576.jpg 1024w\" sizes=\"auto, (max-width: 300px) 100vw, 300px\" \/><\/a><\/p>\n<p>H\u00e4rom dagen l\u00e4ste jag en recension som n\u00e5gon skrivit. Det g\u00e4llde en nyare bok av Elizabeth George, att handlingen f\u00f6rsvann i en m\u00e4ngd ord.<\/p>\n<p>Jag tycker det st\u00e4mmer lite \u00e4ven p\u00e5 denna bok. Synd f\u00f6r jag gillar verkligen huvudpersonerna!<\/p>\n<p>Semestern blev intensiv och gick fruktansv\u00e4rt fort.<br \/>\nEn norrlandstur p\u00e5 n\u00e5gra dagar kl\u00e4mdes in och var som vanligt helt underbar.<\/p>\n<p><a href=\"http:\/\/www.eva.sundstrom.st\/wp-content\/upload\/20160802_174940-001.jpg\"><img loading=\"lazy\" decoding=\"async\" src=\"http:\/\/www.eva.sundstrom.st\/wp-content\/upload\/20160802_174940-001-300x168.jpg\" alt=\"20160802_174940-001\" width=\"300\" height=\"168\" class=\"aligncenter size-medium wp-image-5357\" srcset=\"https:\/\/eva.sundstrom.st\/wp-content\/upload\/20160802_174940-001-300x168.jpg 300w, https:\/\/eva.sundstrom.st\/wp-content\/upload\/20160802_174940-001-1024x576.jpg 1024w\" sizes=\"auto, (max-width: 300px) 100vw, 300px\" \/><\/a><\/p>\n<p>S\u00e5 vacker natur v\u00e5rt avl\u00e5nga land bjuder oss.<\/p>\n<p><a href=\"http:\/\/www.eva.sundstrom.st\/wp-content\/upload\/20160804_161949-001.jpg\"><img loading=\"lazy\" decoding=\"async\" src=\"http:\/\/www.eva.sundstrom.st\/wp-content\/upload\/20160804_161949-001-300x168.jpg\" alt=\"20160804_161949-001\" width=\"300\" height=\"168\" class=\"aligncenter size-medium wp-image-5358\" srcset=\"https:\/\/eva.sundstrom.st\/wp-content\/upload\/20160804_161949-001-300x168.jpg 300w, https:\/\/eva.sundstrom.st\/wp-content\/upload\/20160804_161949-001-1024x576.jpg 1024w\" sizes=\"auto, (max-width: 300px) 100vw, 300px\" \/><\/a><br \/>\nHavet vid Skatan<\/p>\n<p>Och surstr\u00f6mming!<\/p>\n<p><a href=\"http:\/\/www.eva.sundstrom.st\/wp-content\/upload\/20160805_182100-001.jpg\"><img loading=\"lazy\" decoding=\"async\" src=\"http:\/\/www.eva.sundstrom.st\/wp-content\/upload\/20160805_182100-001-300x281.jpg\" alt=\"20160805_182100-001\" width=\"300\" height=\"281\" class=\"aligncenter size-medium wp-image-5359\" srcset=\"https:\/\/eva.sundstrom.st\/wp-content\/upload\/20160805_182100-001-300x281.jpg 300w, https:\/\/eva.sundstrom.st\/wp-content\/upload\/20160805_182100-001-1024x959.jpg 1024w\" sizes=\"auto, (max-width: 300px) 100vw, 300px\" \/><\/a><\/p>\n<p>Nu laddar jag, och f\u00f6rbereder stickev\u00e4skan, f\u00f6r en ny resa till Ritsem!<br \/>\nP\u00e5 tisdag kv\u00e4ll b\u00e4r det iv\u00e4g. <\/p>\n<p>Hoppas ni haft en bra sommar!<\/p>\n","protected":false},"excerpt":{"rendered":"<p>Hela sommaren har g\u00e5tt och h\u00e4r har inte skrivits en endaste rad! Sommaren 2016 har \u00e4nd\u00e5 varit betydligt b\u00e4ttre \u00e4n 2015. Minns inte s\u00e5 mycket av v\u00e4dret f\u00f6rra \u00e5ret, bara att jag alltid \u00e5t antibiotika n\u00e4r det var solsken! Inga s\u00e5dana kurer denna sommar och \u00e4ven om bih\u00e5lor och h\u00f6rselg\u00e5ngar fortfarande \u00e4r mer eller mindre [&hellip;]<\/p>\n","protected":false},"author":1,"featured_media":0,"comment_status":"open","ping_status":"open","sticky":false,"template":"","format":"standard","meta":{"footnotes":""},"categories":[9],"tags":[],"class_list":["post-5354","post","type-post","status-publish","format-standard","hentry","category-livet"],"_links":{"self":[{"href":"https:\/\/eva.sundstrom.st\/index.php?rest_route=\/wp\/v2\/posts\/5354","targetHints":{"allow":["GET"]}}],"collection":[{"href":"https:\/\/eva.sundstrom.st\/index.php?rest_route=\/wp\/v2\/posts"}],"about":[{"href":"https:\/\/eva.sundstrom.st\/index.php?rest_route=\/wp\/v2\/types\/post"}],"author":[{"embeddable":true,"href":"https:\/\/eva.sundstrom.st\/index.php?rest_route=\/wp\/v2\/users\/1"}],"replies":[{"embeddable":true,"href":"https:\/\/eva.sundstrom.st\/index.php?rest_route=%2Fwp%2Fv2%2Fcomments&post=5354"}],"version-history":[{"count":2,"href":"https:\/\/eva.sundstrom.st\/index.php?rest_route=\/wp\/v2\/posts\/5354\/revisions"}],"predecessor-version":[{"id":5362,"href":"https:\/\/eva.sundstrom.st\/index.php?rest_route=\/wp\/v2\/posts\/5354\/revisions\/5362"}],"wp:attachment":[{"href":"https:\/\/eva.sundstrom.st\/index.php?rest_route=%2Fwp%2Fv2%2Fmedia&parent=5354"}],"wp:term":[{"taxonomy":"category","embeddable":true,"href":"https:\/\/eva.sundstrom.st\/index.php?rest_route=%2Fwp%2Fv2%2Fcategories&post=5354"},{"taxonomy":"post_tag","embeddable":true,"href":"https:\/\/eva.sundstrom.st\/index.php?rest_route=%2Fwp%2Fv2%2Ftags&post=5354"}],"curies":[{"name":"wp","href":"https:\/\/api.w.org\/{rel}","templated":true}]}}