{"id":539,"date":"2008-02-24T11:48:22","date_gmt":"2008-02-24T10:48:22","guid":{"rendered":"http:\/\/www.eva.sundstrom.st\/?p=539"},"modified":"2008-03-11T21:08:36","modified_gmt":"2008-03-11T20:08:36","slug":"sondagspromenad-jamforelser-och-fynd","status":"publish","type":"post","link":"https:\/\/eva.sundstrom.st\/?p=539","title":{"rendered":"S"},"content":{"rendered":"<p>Vill b\u00f6rja med att tacka f\u00f6r alla fina kommentarer jag f\u00e5tt f\u00f6r mina pulsv\u00e4rmare.<br \/>\nDet ger lite blodad tand. Man k\u00e4nner sig taggad att pr\u00f6va flera m\u00f6nster.<br \/>\nNu kommer ju snart marssockan s\u00e5 jag f\u00e5r nog lugna mig lite. <\/p>\n<p>Det \u00e4r n\u00e5got konstigt med tiden. <\/p>\n<p>Den r\u00e4cker liksom aldrig till.<\/p>\n<p><a href='http:\/\/www.eva.sundstrom.st\/wp-content\/upload\/dsc01961.jpg' title='dsc01961.jpg'><img src='http:\/\/www.eva.sundstrom.st\/wp-content\/upload\/dsc01961.jpg' alt='dsc01961.jpg' \/><\/a><\/p>\n<p>Det h\u00e4nder saker i skogen runt omkring oss s\u00e5 gubben och jag best\u00e4mde oss f\u00f6r en promenad och kolla l\u00e4get.<br \/>\nD\u00e5 b\u00f6rjade jag t\u00e4nka p\u00e5 hur det har sett ut.<\/p>\n<p>Nu s\u00e5g det tex. ut s\u00e5 h\u00e4r.<\/p>\n<p><a href='http:\/\/www.eva.sundstrom.st\/wp-content\/upload\/dsc01957.jpg' title='dsc01957.jpg'><img src='http:\/\/www.eva.sundstrom.st\/wp-content\/upload\/dsc01957.jpg' alt='dsc01957.jpg' \/><\/a><\/p>\n<p>Och i sommras s\u00e5g det ut s\u00e5 h\u00e4r.<\/p>\n<p><a href='http:\/\/www.eva.sundstrom.st\/wp-content\/upload\/dsc00370.jpg' title='dsc00370.jpg'><img src='http:\/\/www.eva.sundstrom.st\/wp-content\/upload\/dsc00370.jpg' alt='dsc00370.jpg' \/><\/a><\/p>\n<p>F\u00f6r n\u00e5gon vecka sedan n\u00e4r jag var vid milan och glillad korv med skuffs miniorer<br \/>\nd\u00e5 s\u00e5g det ut s\u00e5 h\u00e4r<\/p>\n<p><a href='http:\/\/www.eva.sundstrom.st\/wp-content\/upload\/dsc01876.jpg' title='dsc01876.jpg'><img src='http:\/\/www.eva.sundstrom.st\/wp-content\/upload\/dsc01876.jpg' alt='dsc01876.jpg' \/><\/a><\/p>\n<p>Och nu<\/p>\n<p><a href='http:\/\/www.eva.sundstrom.st\/wp-content\/upload\/dsc01958.jpg' title='dsc01958.jpg'><img src='http:\/\/www.eva.sundstrom.st\/wp-content\/upload\/dsc01958.jpg' alt='dsc01958.jpg' \/><\/a><\/p>\n<p>Och stigen som barnen kom fram till gl\u00e4ntan p\u00e5<br \/>\nvart tog den v\u00e4gen?<\/p>\n<p><a href='http:\/\/www.eva.sundstrom.st\/wp-content\/upload\/dsc01967.jpg' title='dsc01967.jpg'><img src='http:\/\/www.eva.sundstrom.st\/wp-content\/upload\/dsc01967.jpg' alt='dsc01967.jpg' \/><\/a><\/p>\n<p>Hoppas det g\u00e5r att hitta den igen n\u00e4r virket \u00e4r borta.<\/p>\n<p>P\u00e5 v\u00e4g hem g\u00f6r jag ett fynd!<\/p>\n<p><a href='http:\/\/www.eva.sundstrom.st\/wp-content\/upload\/dsc01969.jpg' title='dsc01969.jpg'><img src='http:\/\/www.eva.sundstrom.st\/wp-content\/upload\/dsc01969.jpg' alt='dsc01969.jpg' \/><\/a><\/p>\n<p>sj\u00e4lvklart fick den f\u00f6lja med hem.<br \/>\nVad jag ska ha den till?<br \/>\n\u00c4r det inte lika klart f\u00f6r er som f\u00f6r mig s\u00e5 f\u00e5r ni allt n\u00e5got att fundera p\u00e5. Botten finns n\u00e4stan ingen och det lilla som \u00e4r kvar ska bort. Sen v\u00e4ntar jag p\u00e5  v\u00e5r och sommar.<\/p>\n<p>Tillbaka hemma i tr\u00e4dg\u00e5rden hittar jag bladknoppar p\u00e5 nyponrosen.<\/p>\n<p><a href='http:\/\/www.eva.sundstrom.st\/wp-content\/upload\/dsc01973.jpg' title='dsc01973.jpg'><img src='http:\/\/www.eva.sundstrom.st\/wp-content\/upload\/dsc01973.jpg' alt='dsc01973.jpg' \/><\/a><\/p>\n<p>och sm\u00e5 gr\u00f6na \u00f6gon p\u00e5 \u00f6landstoken.<\/p>\n<p><a href='http:\/\/www.eva.sundstrom.st\/wp-content\/upload\/dsc01972.jpg' title='dsc01972.jpg'><img src='http:\/\/www.eva.sundstrom.st\/wp-content\/upload\/dsc01972.jpg' alt='dsc01972.jpg' \/><\/a><\/p>\n<p>Det blir kanske v\u00e5r och sommar i \u00e5r ocks\u00e5. I dag drog det gr\u00e5kallt om \u00f6ronen.<br \/>\nEn kopp kaffe nu och s\u00e5 sticka lite p\u00e5 kedjepresenterna. En kombination som k\u00e4nns riktigt bra.<\/p>\n<p>Vi h\u00f6rs. <\/p>\n","protected":false},"excerpt":{"rendered":"<p>Vill b\u00f6rja med att tacka f\u00f6r alla fina kommentarer jag f\u00e5tt f\u00f6r mina pulsv\u00e4rmare. Det ger lite blodad tand. Man k\u00e4nner sig taggad att pr\u00f6va flera m\u00f6nster. Nu kommer ju snart marssockan s\u00e5 jag f\u00e5r nog lugna mig lite. Det \u00e4r n\u00e5got konstigt med tiden. Den r\u00e4cker liksom aldrig till. Det h\u00e4nder saker i skogen [&hellip;]<\/p>\n","protected":false},"author":1,"featured_media":0,"comment_status":"open","ping_status":"open","sticky":false,"template":"","format":"standard","meta":{"footnotes":""},"categories":[1],"tags":[],"class_list":["post-539","post","type-post","status-publish","format-standard","hentry","category-uncategorized"],"_links":{"self":[{"href":"https:\/\/eva.sundstrom.st\/index.php?rest_route=\/wp\/v2\/posts\/539","targetHints":{"allow":["GET"]}}],"collection":[{"href":"https:\/\/eva.sundstrom.st\/index.php?rest_route=\/wp\/v2\/posts"}],"about":[{"href":"https:\/\/eva.sundstrom.st\/index.php?rest_route=\/wp\/v2\/types\/post"}],"author":[{"embeddable":true,"href":"https:\/\/eva.sundstrom.st\/index.php?rest_route=\/wp\/v2\/users\/1"}],"replies":[{"embeddable":true,"href":"https:\/\/eva.sundstrom.st\/index.php?rest_route=%2Fwp%2Fv2%2Fcomments&post=539"}],"version-history":[{"count":0,"href":"https:\/\/eva.sundstrom.st\/index.php?rest_route=\/wp\/v2\/posts\/539\/revisions"}],"wp:attachment":[{"href":"https:\/\/eva.sundstrom.st\/index.php?rest_route=%2Fwp%2Fv2%2Fmedia&parent=539"}],"wp:term":[{"taxonomy":"category","embeddable":true,"href":"https:\/\/eva.sundstrom.st\/index.php?rest_route=%2Fwp%2Fv2%2Fcategories&post=539"},{"taxonomy":"post_tag","embeddable":true,"href":"https:\/\/eva.sundstrom.st\/index.php?rest_route=%2Fwp%2Fv2%2Ftags&post=539"}],"curies":[{"name":"wp","href":"https:\/\/api.w.org\/{rel}","templated":true}]}}