{"id":550,"date":"2008-03-02T22:10:43","date_gmt":"2008-03-02T21:10:43","guid":{"rendered":"http:\/\/www.eva.sundstrom.st\/?p=550"},"modified":"2008-03-02T22:14:55","modified_gmt":"2008-03-02T21:14:55","slug":"kvall-trott-och-velig","status":"publish","type":"post","link":"https:\/\/eva.sundstrom.st\/?p=550","title":{"rendered":"KV"},"content":{"rendered":"<p>\n<a href='http:\/\/www.eva.sundstrom.st\/wp-content\/upload\/dsc01995.jpg' title='dsc01995.jpg'><img src='http:\/\/www.eva.sundstrom.st\/wp-content\/upload\/dsc01995.jpg' alt='dsc01995.jpg' \/><\/a><\/p>\n<p>S\u00e5 h\u00e4r s\u00e5g det ut i morsse n\u00e4r jag gick till jobbet ca 06.45.<br \/>\nNi ser sp\u00e5ren efter mig n\u00e4r jag h\u00e4mtade tidnigen.<\/p>\n<p>Tycker ni detta inl\u00e4gg \u00e4r r\u00f6rigt s\u00e5 \u00e4r det s\u00e4ker det.<\/p>\n<p>Har bara jobbat en kv\u00e4ll och en dag men \u00e4nd\u00e5.<br \/>\nNog finns det en orsak till att jag inte jobbar heltid. S\u00e5 \u00e4r jag ocks\u00e5 tacksam att jag inte av ekonomiska sj\u00e4l \u00e4r tvingad att g\u00f6ra det.<br \/>\nHar tv\u00e5 arbetsdagar kvar och sedan lite ledigt.<\/p>\n<p>T\u00e4nkte g\u00e5 in och svara p\u00e5 era kommentarer men gav upp. <\/p>\n<p>Det blev hela inl\u00e4gg av det<\/p>\n<p>S\u00e4ger TACK till er alla s\u00e5 h\u00e4r. K\u00e4nner att ni alla betyder s\u00e5 mycke f\u00f6r mig.<\/p>\n<p>Det \u00e4r s\u00e5 v\u00e4rdefullt och s\u00e5 roligt att n\u00e5gon vill l\u00e4sa och kommentera. Att starta datorn och hitta nya kommentarer.<\/p>\n<p>Har best\u00e4mt att brudspirean ska j\u00e4mnas med marken s\u00e5 fort som m\u00f6jligt.<\/p>\n<p>I skogen runt oss \u00e4r inte mycke sig likt. Jag hoppas fingerborgsblommorna kommer igen n\u00e4r timmerh\u00f6garna \u00e4r borta.<\/p>\n<p>Fyndet fr\u00e5n skogen har inte f\u00e5tt n\u00e5gon given plats \u00e4nnu. I tanken har jag plaserat den b\u00e5de h\u00e4r och d\u00e4r.<\/p>\n<p>Kakan bjuder jag g\u00e4rna p\u00e5. T\u00e4nk om det gick att f\u00e5 till en bloggartr\u00e4ff n\u00e5gonstanns?<\/p>\n<p>Nu m\u00e5ste jag nog avsluta detta medans jag vet att huvudet \u00e4r upp och f\u00f6tterna ner.<br \/>\nEtt par kort till f\u00f6r att visa hur naturen v\u00e4xlar.<\/p>\n<p>F\u00f6r n\u00e5gon dag sedan stod jag p\u00e5 v\u00e5r trapp och tog detta kort<\/p>\n<p><a href='http:\/\/www.eva.sundstrom.st\/wp-content\/upload\/dsc01993.jpg' title='dsc01993.jpg'><img src='http:\/\/www.eva.sundstrom.st\/wp-content\/upload\/dsc01993.jpg' alt='dsc01993.jpg' \/><\/a><\/p>\n<p>och i dag s\u00e5g det allts\u00e5 ut s\u00e5 h\u00e4r<\/p>\n<p><a href='http:\/\/www.eva.sundstrom.st\/wp-content\/upload\/dsc01996.jpg' title='dsc01996.jpg'><img src='http:\/\/www.eva.sundstrom.st\/wp-content\/upload\/dsc01996.jpg' alt='dsc01996.jpg' \/><\/a><\/p>\n<p>Godnatt och sov gott.<\/p>\n<p>Ps. Skulle ju ocks\u00e5 ber\u00e4tta att jag kommit ig\u00e5ng men marssockn tropicana och att jag \u00e4gnat mig en del \u00e5t v\u00e4vstolen och mattorna till altanen Ds.<\/p>\n","protected":false},"excerpt":{"rendered":"<p>S\u00e5 h\u00e4r s\u00e5g det ut i morsse n\u00e4r jag gick till jobbet ca 06.45. Ni ser sp\u00e5ren efter mig n\u00e4r jag h\u00e4mtade tidnigen. Tycker ni detta inl\u00e4gg \u00e4r r\u00f6rigt s\u00e5 \u00e4r det s\u00e4ker det. Har bara jobbat en kv\u00e4ll och en dag men \u00e4nd\u00e5. Nog finns det en orsak till att jag inte jobbar heltid. [&hellip;]<\/p>\n","protected":false},"author":1,"featured_media":0,"comment_status":"open","ping_status":"open","sticky":false,"template":"","format":"standard","meta":{"footnotes":""},"categories":[1],"tags":[],"class_list":["post-550","post","type-post","status-publish","format-standard","hentry","category-uncategorized"],"_links":{"self":[{"href":"https:\/\/eva.sundstrom.st\/index.php?rest_route=\/wp\/v2\/posts\/550","targetHints":{"allow":["GET"]}}],"collection":[{"href":"https:\/\/eva.sundstrom.st\/index.php?rest_route=\/wp\/v2\/posts"}],"about":[{"href":"https:\/\/eva.sundstrom.st\/index.php?rest_route=\/wp\/v2\/types\/post"}],"author":[{"embeddable":true,"href":"https:\/\/eva.sundstrom.st\/index.php?rest_route=\/wp\/v2\/users\/1"}],"replies":[{"embeddable":true,"href":"https:\/\/eva.sundstrom.st\/index.php?rest_route=%2Fwp%2Fv2%2Fcomments&post=550"}],"version-history":[{"count":0,"href":"https:\/\/eva.sundstrom.st\/index.php?rest_route=\/wp\/v2\/posts\/550\/revisions"}],"wp:attachment":[{"href":"https:\/\/eva.sundstrom.st\/index.php?rest_route=%2Fwp%2Fv2%2Fmedia&parent=550"}],"wp:term":[{"taxonomy":"category","embeddable":true,"href":"https:\/\/eva.sundstrom.st\/index.php?rest_route=%2Fwp%2Fv2%2Fcategories&post=550"},{"taxonomy":"post_tag","embeddable":true,"href":"https:\/\/eva.sundstrom.st\/index.php?rest_route=%2Fwp%2Fv2%2Ftags&post=550"}],"curies":[{"name":"wp","href":"https:\/\/api.w.org\/{rel}","templated":true}]}}