{"id":554,"date":"2008-03-05T19:28:03","date_gmt":"2008-03-05T18:28:03","guid":{"rendered":"http:\/\/www.eva.sundstrom.st\/?p=554"},"modified":"2008-03-05T19:28:03","modified_gmt":"2008-03-05T18:28:03","slug":"solsken-bakning-och-vaxter","status":"publish","type":"post","link":"https:\/\/eva.sundstrom.st\/?p=554","title":{"rendered":"Solsken, bakning och v"},"content":{"rendered":"<p>I dag sken solen och det k\u00e4nndes aldeles perfekt. <\/p>\n<p>Hela dagen ledig och ingenting inplanerat. <\/p>\n<p>Inte var det n\u00e5got problem att fylla dagen med menigsfull syssels\u00e4ttning.<\/p>\n<p>Jag b\u00f6rjade med att tr\u00e4na lite f\u00f6r att f\u00e5 b\u00e4ttre kondition. Sedan kollade jag runt p\u00e5 olika bloggar.<br \/>\n\u00c5kte och handlade lite mat och ett par blommor. <\/p>\n<p>Bakade tekakor med lite grahamsmj\u00f6l, soyab\u00f6nor, r\u00f6da linser och riven morot.<\/p>\n<p><a href='http:\/\/www.eva.sundstrom.st\/wp-content\/upload\/dsc02002.jpg' title='dsc02002.jpg'><img src='http:\/\/www.eva.sundstrom.st\/wp-content\/upload\/dsc02002.jpg' alt='dsc02002.jpg' \/><\/a><\/p>\n<p>F\u00e5r nog bli en provmacka och en kopp te i kv\u00e4ll. <\/p>\n<p>Mellan j\u00e4sningar och gr\u00e4ddningar s\u00e5 tittade jag \u00f6ver min blommor. D\u00e4r \u00e4r m\u00e5nga som beh\u00f6ver s\u00e4ttas om men jag inser att det f\u00e5r bli en annan dag.<\/p>\n<p>Doftliljan har i allafall kommit upp<\/p>\n<p><a href='http:\/\/www.eva.sundstrom.st\/wp-content\/upload\/dsc01997.jpg' title='dsc01997.jpg'><img src='http:\/\/www.eva.sundstrom.st\/wp-content\/upload\/dsc01997.jpg' alt='dsc01997.jpg' \/><\/a><\/p>\n<p>Och titta h\u00e4r. Detta \u00e4r en perenn som egentligen skulle ha planterats i h\u00f6stas. Kunde inte best\u00e4mma mig f\u00f6r var den skulle bo s\u00e5 jag gr\u00e4vde ner kruka och allt.  Kanske \u00e4r det en vecka sedan jag pillade upp krukan och tog in den. Tokigt kanske, att g\u00f6ra s\u00e5, men jag var s\u00e5 nyfiken p\u00e5 om den skulle komma och se det g\u00f6r den.<\/p>\n<p><a href='http:\/\/www.eva.sundstrom.st\/wp-content\/upload\/dsc02000.jpg' title='dsc02000.jpg'><img src='http:\/\/www.eva.sundstrom.st\/wp-content\/upload\/dsc02000.jpg' alt='dsc02000.jpg' \/><\/a><\/p>\n<p>Jag blir s\u00e5 glad f\u00f6r jag tyckte den var s\u00e5 fin. En v\u00e5rblomma fr\u00e5n sm\u00e5land som flyttade hit i h\u00f6stas och blommade redan d\u00e5 s\u00e5 vackert.<br \/>\nHerr R  jag lovar att den ska f\u00e5 en st\u00f6rre kruka och lite l\u00e4ngre fram ska den f\u00e5 en rabattplats.<\/p>\n<p>Sedan tog jag en av blommorna jag k\u00f6pte och h\u00e4lsade p\u00e5 en f\u00f6re detta kolega. Hon \u00e4r pesion\u00e4r sedan n\u00e5gra \u00e5r tillbaka. Det var henne jag gick mina inl\u00e4rningsn\u00e4tter med n\u00e4r jag b\u00f6rjad jobba igen efter att ha varit hemm i ca 12 \u00e5r.<br \/>\nD\u00e4r gick resten av eftermiddagen och det var riktigt roligt. T\u00e4nk att det ska vara s\u00e5 sv\u00e5rt att ta sig f\u00f6r att h\u00e4lsa p\u00e5 v\u00e4nner och bekanta.<\/p>\n<p>N\u00e4r jag kom hem fick krukan vid trappen ett lite mer v\u00e5rligt utsende.<\/p>\n<p><a href='http:\/\/www.eva.sundstrom.st\/wp-content\/upload\/dsc02006.jpg' title='dsc02006.jpg'><img src='http:\/\/www.eva.sundstrom.st\/wp-content\/upload\/dsc02006.jpg' alt='dsc02006.jpg' \/><\/a><\/p>\n<p>S\u00e5 har jag haft en riktigt bra dag.<\/p>\n<p>Yngste sonen, jag har t\u00e4nkt mycke p\u00e5 dig i dag. Hoppas din dag ocks\u00e5 varit bra s\u00e5 firar vi n\u00e4r du kommmer hem p\u00e5 lov. Flaggan har varit hissad och jag  f\u00f6rs\u00f6kte ta kort p\u00e5 den men det hade hunnit bli f\u00f6r m\u00f6rkt. <\/p>\n<p>Ha det gott alla.<\/p>\n","protected":false},"excerpt":{"rendered":"<p>I dag sken solen och det k\u00e4nndes aldeles perfekt. Hela dagen ledig och ingenting inplanerat. Inte var det n\u00e5got problem att fylla dagen med menigsfull syssels\u00e4ttning. Jag b\u00f6rjade med att tr\u00e4na lite f\u00f6r att f\u00e5 b\u00e4ttre kondition. Sedan kollade jag runt p\u00e5 olika bloggar. \u00c5kte och handlade lite mat och ett par blommor. Bakade tekakor [&hellip;]<\/p>\n","protected":false},"author":1,"featured_media":0,"comment_status":"open","ping_status":"open","sticky":false,"template":"","format":"standard","meta":{"footnotes":""},"categories":[1],"tags":[],"class_list":["post-554","post","type-post","status-publish","format-standard","hentry","category-uncategorized"],"_links":{"self":[{"href":"https:\/\/eva.sundstrom.st\/index.php?rest_route=\/wp\/v2\/posts\/554","targetHints":{"allow":["GET"]}}],"collection":[{"href":"https:\/\/eva.sundstrom.st\/index.php?rest_route=\/wp\/v2\/posts"}],"about":[{"href":"https:\/\/eva.sundstrom.st\/index.php?rest_route=\/wp\/v2\/types\/post"}],"author":[{"embeddable":true,"href":"https:\/\/eva.sundstrom.st\/index.php?rest_route=\/wp\/v2\/users\/1"}],"replies":[{"embeddable":true,"href":"https:\/\/eva.sundstrom.st\/index.php?rest_route=%2Fwp%2Fv2%2Fcomments&post=554"}],"version-history":[{"count":0,"href":"https:\/\/eva.sundstrom.st\/index.php?rest_route=\/wp\/v2\/posts\/554\/revisions"}],"wp:attachment":[{"href":"https:\/\/eva.sundstrom.st\/index.php?rest_route=%2Fwp%2Fv2%2Fmedia&parent=554"}],"wp:term":[{"taxonomy":"category","embeddable":true,"href":"https:\/\/eva.sundstrom.st\/index.php?rest_route=%2Fwp%2Fv2%2Fcategories&post=554"},{"taxonomy":"post_tag","embeddable":true,"href":"https:\/\/eva.sundstrom.st\/index.php?rest_route=%2Fwp%2Fv2%2Ftags&post=554"}],"curies":[{"name":"wp","href":"https:\/\/api.w.org\/{rel}","templated":true}]}}