{"id":568,"date":"2008-03-12T11:10:58","date_gmt":"2008-03-12T10:10:58","guid":{"rendered":"http:\/\/www.eva.sundstrom.st\/?p=568"},"modified":"2008-03-12T11:10:58","modified_gmt":"2008-03-12T10:10:58","slug":"i-dag","status":"publish","type":"post","link":"https:\/\/eva.sundstrom.st\/?p=568","title":{"rendered":"I DAG"},"content":{"rendered":"<p><a href='http:\/\/www.eva.sundstrom.st\/wp-content\/upload\/dsc02021.jpg' title='dsc02021.jpg'><img src='http:\/\/www.eva.sundstrom.st\/wp-content\/upload\/dsc02021.jpg' alt='dsc02021.jpg' \/><\/a><\/p>\n<p>\u00e4r flaggan hissan igen.<\/p>\n<p>Och mamman i familjen f\u00e5r riktiga mammak\u00e4nslor i magen.<br \/>\nB\u00e4ddar s\u00e4ngen. Fotar flaggan och jag vet inte vad.<\/p>\n<p>Flaggan vajar f\u00f6r v\u00e5rvinden denna marsdag f\u00f6r att yngste sonen kommer hem f\u00f6r tv\u00e5 veckors ledighet.<br \/>\nDen hissades ocks\u00e5 f\u00f6r att han inte var hemma p\u00e5 sin 18 \u00e5rs dag.<\/p>\n<p>Nu har vi verkligen inga sm\u00e5barn kvar i huset. Nu r\u00e4knas han som vuxen.<\/p>\n<p>Ja, det  \u00e4r s\u00e5 det ska va och jag \u00e4r glad att han v\u00e4xt upp till en frist\u00e5ende och lugn person. Nu f\u00e5r man bara hoppas att det forts\u00e4tter s\u00e5. <\/p>\n<p>Visst ja, Viktoria har ju namnsdag i dag s\u00e5 d\u00e5 f\u00e5r alla Viktoria ocks\u00e5 k\u00e4nna sig hyllade av flaggan.<\/p>\n<p>Dagen till \u00e4ra har  \u00e5rets f\u00f6rsta blomma p\u00e5 m\u00e5rbackapelargonen slagit ut.<\/p>\n<p><a href='http:\/\/www.eva.sundstrom.st\/wp-content\/upload\/dsc02019.jpg' title='dsc02019.jpg'><img src='http:\/\/www.eva.sundstrom.st\/wp-content\/upload\/dsc02019.jpg' alt='dsc02019.jpg' \/><\/a><\/p>\n<p>Ha en riktigt bra dag.<br \/>\nSj\u00e4lv k\u00e4nner jag mig lite hispig men glad.<br \/>\nKram till alla mina barn f\u00f6r att ni \u00e4r mina och s\u00e5 fina.<br \/>\nKram till era sambor ocks\u00e5. Hoppas ni inte k\u00e4nner av n\u00e5gra sv\u00e4rmorsproblem.<br \/>\nM\u00e5 gott.<\/p>\n","protected":false},"excerpt":{"rendered":"<p>\u00e4r flaggan hissan igen. Och mamman i familjen f\u00e5r riktiga mammak\u00e4nslor i magen. B\u00e4ddar s\u00e4ngen. Fotar flaggan och jag vet inte vad. Flaggan vajar f\u00f6r v\u00e5rvinden denna marsdag f\u00f6r att yngste sonen kommer hem f\u00f6r tv\u00e5 veckors ledighet. Den hissades ocks\u00e5 f\u00f6r att han inte var hemma p\u00e5 sin 18 \u00e5rs dag. Nu har vi [&hellip;]<\/p>\n","protected":false},"author":1,"featured_media":0,"comment_status":"open","ping_status":"open","sticky":false,"template":"","format":"standard","meta":{"footnotes":""},"categories":[1],"tags":[],"class_list":["post-568","post","type-post","status-publish","format-standard","hentry","category-uncategorized"],"_links":{"self":[{"href":"https:\/\/eva.sundstrom.st\/index.php?rest_route=\/wp\/v2\/posts\/568","targetHints":{"allow":["GET"]}}],"collection":[{"href":"https:\/\/eva.sundstrom.st\/index.php?rest_route=\/wp\/v2\/posts"}],"about":[{"href":"https:\/\/eva.sundstrom.st\/index.php?rest_route=\/wp\/v2\/types\/post"}],"author":[{"embeddable":true,"href":"https:\/\/eva.sundstrom.st\/index.php?rest_route=\/wp\/v2\/users\/1"}],"replies":[{"embeddable":true,"href":"https:\/\/eva.sundstrom.st\/index.php?rest_route=%2Fwp%2Fv2%2Fcomments&post=568"}],"version-history":[{"count":0,"href":"https:\/\/eva.sundstrom.st\/index.php?rest_route=\/wp\/v2\/posts\/568\/revisions"}],"wp:attachment":[{"href":"https:\/\/eva.sundstrom.st\/index.php?rest_route=%2Fwp%2Fv2%2Fmedia&parent=568"}],"wp:term":[{"taxonomy":"category","embeddable":true,"href":"https:\/\/eva.sundstrom.st\/index.php?rest_route=%2Fwp%2Fv2%2Fcategories&post=568"},{"taxonomy":"post_tag","embeddable":true,"href":"https:\/\/eva.sundstrom.st\/index.php?rest_route=%2Fwp%2Fv2%2Ftags&post=568"}],"curies":[{"name":"wp","href":"https:\/\/api.w.org\/{rel}","templated":true}]}}