{"id":572,"date":"2008-03-20T19:08:42","date_gmt":"2008-03-20T18:08:42","guid":{"rendered":"http:\/\/www.eva.sundstrom.st\/?p=572"},"modified":"2008-03-20T20:00:52","modified_gmt":"2008-03-20T19:00:52","slug":"en-glad-pask-onskar-jag-er","status":"publish","type":"post","link":"https:\/\/eva.sundstrom.st\/?p=572","title":{"rendered":"EN GLAD P"},"content":{"rendered":"<p><a href='http:\/\/www.eva.sundstrom.st\/wp-content\/upload\/dsc02040.jpg' title='dsc02040.jpg'><img src='http:\/\/www.eva.sundstrom.st\/wp-content\/upload\/dsc02040.jpg' alt='dsc02040.jpg' \/><\/a><\/p>\n<p>Kanske f\u00f6ljer jag med till Bl\u00e5kulla. Vem vet?  <\/p>\n<p>Jag flyger i allafall inte f\u00f6re l\u00f6rdag eller s\u00f6ndag.<\/p>\n<p>I morgon v\u00e4ntar jag hem de st\u00f6rre  eller r\u00e4ttare sagt \u00e4ldre barnen. D\u00e5 ska vi fira lillebrors f\u00f6delsedag.<\/p>\n<p>Har en liten kissekatt h\u00e4r som det \u00e4r s\u00e5 synd om.<\/p>\n<p><a href='http:\/\/www.eva.sundstrom.st\/wp-content\/upload\/dsc02031.jpg' title='dsc02031.jpg'><img src='http:\/\/www.eva.sundstrom.st\/wp-content\/upload\/dsc02031.jpg' alt='dsc02031.jpg' \/><\/a><\/p>\n<p>Hon har haft den h\u00e4r kragen en vecka nu och m\u00e5ste st\u00e5 ut med den ytterligere n\u00e5gra dagar.<br \/>\nP\u00e5 tisdag kv\u00e4ll ska stygnen plockas bort och jag hoppas hon blir av med kragen d\u00e5.<br \/>\nHon har ett l\u00e5ngt s\u00e5r p\u00e5 magen efter att ha tagit bort en juvertum\u00f6r.<\/p>\n<p>F\u00f6rutom att hon blir irriterad p\u00e5 kragen \u00e4r hon pigg och glad.<\/p>\n<p>I bokhyllan bor just nu dessa tv\u00e5 damer.<\/p>\n<p><a href='http:\/\/www.eva.sundstrom.st\/wp-content\/upload\/dsc02043.jpg' title='dsc02043.jpg'><img src='http:\/\/www.eva.sundstrom.st\/wp-content\/upload\/dsc02043.jpg' alt='dsc02043.jpg' \/><\/a><\/p>\n<p>Det \u00e4r min v\u00e4n K som skapade dom under sin tid som keramiker. Jag tycker v\u00e4ldigt mycket om dom.<br \/>\nM\u00e5 gott och ha en bra p\u00e5sk.<\/p>\n","protected":false},"excerpt":{"rendered":"<p>Kanske f\u00f6ljer jag med till Bl\u00e5kulla. Vem vet? Jag flyger i allafall inte f\u00f6re l\u00f6rdag eller s\u00f6ndag. I morgon v\u00e4ntar jag hem de st\u00f6rre eller r\u00e4ttare sagt \u00e4ldre barnen. D\u00e5 ska vi fira lillebrors f\u00f6delsedag. Har en liten kissekatt h\u00e4r som det \u00e4r s\u00e5 synd om. Hon har haft den h\u00e4r kragen en vecka nu [&hellip;]<\/p>\n","protected":false},"author":1,"featured_media":0,"comment_status":"open","ping_status":"open","sticky":false,"template":"","format":"standard","meta":{"footnotes":""},"categories":[1],"tags":[],"class_list":["post-572","post","type-post","status-publish","format-standard","hentry","category-uncategorized"],"_links":{"self":[{"href":"https:\/\/eva.sundstrom.st\/index.php?rest_route=\/wp\/v2\/posts\/572","targetHints":{"allow":["GET"]}}],"collection":[{"href":"https:\/\/eva.sundstrom.st\/index.php?rest_route=\/wp\/v2\/posts"}],"about":[{"href":"https:\/\/eva.sundstrom.st\/index.php?rest_route=\/wp\/v2\/types\/post"}],"author":[{"embeddable":true,"href":"https:\/\/eva.sundstrom.st\/index.php?rest_route=\/wp\/v2\/users\/1"}],"replies":[{"embeddable":true,"href":"https:\/\/eva.sundstrom.st\/index.php?rest_route=%2Fwp%2Fv2%2Fcomments&post=572"}],"version-history":[{"count":0,"href":"https:\/\/eva.sundstrom.st\/index.php?rest_route=\/wp\/v2\/posts\/572\/revisions"}],"wp:attachment":[{"href":"https:\/\/eva.sundstrom.st\/index.php?rest_route=%2Fwp%2Fv2%2Fmedia&parent=572"}],"wp:term":[{"taxonomy":"category","embeddable":true,"href":"https:\/\/eva.sundstrom.st\/index.php?rest_route=%2Fwp%2Fv2%2Fcategories&post=572"},{"taxonomy":"post_tag","embeddable":true,"href":"https:\/\/eva.sundstrom.st\/index.php?rest_route=%2Fwp%2Fv2%2Ftags&post=572"}],"curies":[{"name":"wp","href":"https:\/\/api.w.org\/{rel}","templated":true}]}}