{"id":584,"date":"2008-03-28T19:23:55","date_gmt":"2008-03-28T18:23:55","guid":{"rendered":"http:\/\/www.eva.sundstrom.st\/?p=584"},"modified":"2008-03-28T19:23:55","modified_gmt":"2008-03-28T18:23:55","slug":"plantagen","status":"publish","type":"post","link":"https:\/\/eva.sundstrom.st\/?p=584","title":{"rendered":"Plantagen"},"content":{"rendered":"<p>Det l\u00e5ter det.<br \/>\nNu handlade det inte s\u00e5 mycke om v\u00e4xter f\u00f6r min del i dag.<\/p>\n<p>Skulle p\u00e5 l\u00e4karbes\u00f6k i den stora staden \u00d6rebro.<br \/>\nFick medskickat ett \u00e4rende  p\u00e5 Biltema och s\u00e5 stannade bilen \u00e4ven p\u00e5 Plantagen.<\/p>\n<p>Inga blommor f\u00f6ljde med fast mycke fint fanns det. En p\u00e5se tagetesfr\u00f6n sm\u00f6g in i handen och s\u00e5  bord och stolar&#8230;<\/p>\n<p><a href='http:\/\/www.eva.sundstrom.st\/wp-content\/upload\/dsc02091.jpg' title='dsc02091.jpg'><img src='http:\/\/www.eva.sundstrom.st\/wp-content\/upload\/dsc02091.jpg' alt='dsc02091.jpg' \/><\/a><\/p>\n<p>Aldeles lagom stora f\u00f6r att st\u00e5 i v\u00e4xthuset.<\/p>\n<p>S\u00e5 lagom byter maken arbetsomr\u00e5de och f\u00e5r ett fint arangemang som tack fr\u00e5n den arbetsgrupp han l\u00e4mnar.<\/p>\n<p>D\u00e5 passade jag p\u00e5 att l\u00e5na den en stund f\u00f6r att testa p\u00e5 mitt nya bord.<\/p>\n<p>Nu vill jag b\u00f6rja b\u00e4ra ut blommor men det \u00e4r ju fortfarande alldeles f\u00f6r kallt p\u00e5 n\u00e4tterna.<br \/>\nMontbretian \u00e4r \u00e4ntligen p\u00e5 god v\u00e4g. Den tog verkligen tid p\u00e5 sig.<br \/>\nF\u00f6rs\u00f6kte ta kort p\u00e5 den och v\u00e5rkragen i kv\u00e4ll men det blev inte bra.<br \/>\nV\u00e5rkragen har v\u00e4xt en hel del och f\u00f6rsta blomman har slagit ut.<br \/>\nVi h\u00f6rs. <\/p>\n","protected":false},"excerpt":{"rendered":"<p>Det l\u00e5ter det. Nu handlade det inte s\u00e5 mycke om v\u00e4xter f\u00f6r min del i dag. Skulle p\u00e5 l\u00e4karbes\u00f6k i den stora staden \u00d6rebro. Fick medskickat ett \u00e4rende p\u00e5 Biltema och s\u00e5 stannade bilen \u00e4ven p\u00e5 Plantagen. Inga blommor f\u00f6ljde med fast mycke fint fanns det. En p\u00e5se tagetesfr\u00f6n sm\u00f6g in i handen och s\u00e5 [&hellip;]<\/p>\n","protected":false},"author":1,"featured_media":0,"comment_status":"open","ping_status":"open","sticky":false,"template":"","format":"standard","meta":{"footnotes":""},"categories":[1],"tags":[],"class_list":["post-584","post","type-post","status-publish","format-standard","hentry","category-uncategorized"],"_links":{"self":[{"href":"https:\/\/eva.sundstrom.st\/index.php?rest_route=\/wp\/v2\/posts\/584","targetHints":{"allow":["GET"]}}],"collection":[{"href":"https:\/\/eva.sundstrom.st\/index.php?rest_route=\/wp\/v2\/posts"}],"about":[{"href":"https:\/\/eva.sundstrom.st\/index.php?rest_route=\/wp\/v2\/types\/post"}],"author":[{"embeddable":true,"href":"https:\/\/eva.sundstrom.st\/index.php?rest_route=\/wp\/v2\/users\/1"}],"replies":[{"embeddable":true,"href":"https:\/\/eva.sundstrom.st\/index.php?rest_route=%2Fwp%2Fv2%2Fcomments&post=584"}],"version-history":[{"count":0,"href":"https:\/\/eva.sundstrom.st\/index.php?rest_route=\/wp\/v2\/posts\/584\/revisions"}],"wp:attachment":[{"href":"https:\/\/eva.sundstrom.st\/index.php?rest_route=%2Fwp%2Fv2%2Fmedia&parent=584"}],"wp:term":[{"taxonomy":"category","embeddable":true,"href":"https:\/\/eva.sundstrom.st\/index.php?rest_route=%2Fwp%2Fv2%2Fcategories&post=584"},{"taxonomy":"post_tag","embeddable":true,"href":"https:\/\/eva.sundstrom.st\/index.php?rest_route=%2Fwp%2Fv2%2Ftags&post=584"}],"curies":[{"name":"wp","href":"https:\/\/api.w.org\/{rel}","templated":true}]}}