{"id":586,"date":"2008-03-31T02:17:57","date_gmt":"2008-03-31T01:17:57","guid":{"rendered":"http:\/\/www.eva.sundstrom.st\/?p=586"},"modified":"2008-03-31T02:17:57","modified_gmt":"2008-03-31T01:17:57","slug":"god-natt-god-morgon","status":"publish","type":"post","link":"https:\/\/eva.sundstrom.st\/?p=586","title":{"rendered":"God natt- God morgon"},"content":{"rendered":"<p>En blandad blogg om handarbeten och livet!<\/p>\n<p>Handarbete just nu \u00e4r Mars m\u00e5nads Tropikanasocka som jag vill f\u00e5 klar innan jag startar ytterligar ett arbete.<\/p>\n<p>Livet vad \u00e4r det.<\/p>\n<p>Ligger vaken. \u00c4n sen d\u00e5! Jag \u00e4r s\u00e4kert inte ensam.<\/p>\n<p>Det har inte h\u00e4nt n\u00e5got alvarligt.<br \/>\nJohn Blund tog bara semester och sl\u00e4ppte inte tillr\u00e4ckligt med s\u00f6mnpullver \u00f6ver min s\u00e4ng.<br \/>\nDet r\u00e4ckte bara till ett hastigt insomnande och sedan blev det som det blev.<\/p>\n<p>Jag brukar inte stiga upp men t\u00e4nkte att ingen regel utan undantag s\u00e5 nu sitter jag h\u00e4r och funderar p\u00e5 livet.<\/p>\n<p>Jag jobbade i g\u00e5r kv\u00e4ll, nej f\u00f6rg\u00e5rkv\u00e4ll blir det, n\u00e4r jag kom hem blev det till att st\u00e4lla fram klockan.<br \/>\nNu \u00e4r det sommartid.<br \/>\nJobbade s\u00f6ndagen ocks\u00e5 och b\u00f6rjade kl.sju.<br \/>\nEn timme kortare natt med god s\u00f6mn eller en vanlig natt utan s\u00f6mn. <\/p>\n<p>D\u00e4r \u00e4r inte valet s\u00e5 sv\u00e5rt.<\/p>\n<p>T\u00e4nk vad tankarna snurrar n\u00e4r man ligger d\u00e4r s\u00e5 vaken fast man \u00e4r tr\u00f6tt och bara vill sova.<br \/>\nJobbet?<br \/>\nLeendet man fick som svar. Det ger s\u00e5 mycke tillbaka. Tankarna och det lite virriga samtalet. Kunde inte komma p\u00e5 vad det var du mena.<br \/>\nDement! Olika demenssjukdommar. Vad h\u00e4nder med oss?  Hur blir vi?<\/p>\n<p>Barnen.<\/p>\n<p>Hur har dom det?<\/p>\n<p>Hur m\u00e5r dom?<\/p>\n<p>Jag ville s\u00e5 v\u00e4l. Blev det r\u00e4tt eller fel?<br \/>\nFick dom med sig trygghet?<br \/>\nKunde jag gjort annorlunda?<\/p>\n<p>Det hj\u00e4lper f\u00f6ga att fundera p\u00e5 det nu.<br \/>\nT\u00e4nk att det har g\u00e5tt  s\u00e5 m\u00e5nga \u00e5r.<br \/>\nMinns ju som i g\u00e5r n\u00e4r var och en var nyf\u00f6dd.<br \/>\nS\u00e5 sm\u00e5 och den d\u00e4r speciella k\u00e4nslan n\u00e4r man h\u00f6ll dom f\u00f6rsta g\u00e5ngen.<br \/>\nOch nu \u00e4r \u00e4ven den yngste redan 18 \u00e5r.<\/p>\n<p>Hitintills och vad jag k\u00e4nner till s\u00e5 har dom klarat sig bra s\u00e5 man f\u00e5r tro att det inte blev helt fel.<br \/>\nYngsten \u00e5kte tillbaka till Arjeplog i g\u00e5r, s\u00f6ndag. Han har kommit fram och resan gick bra.<br \/>\nNu \u00e4r det 11 veckor till sommarlovet och semestern.<\/p>\n<p>I dag \u00e4r jag ledig och t\u00e4nkte v\u00e4xthus och omplantering. Mattrasor och planering av ny matta dyker ocks\u00e5 upp s\u00e5 vi f\u00e5r se vad det blir.<\/p>\n<p>Vet ju inte \u00e4n vad den nya dagen blir f\u00f6r dag.<br \/>\nSolskensdag eller regndag?<\/p>\n<p>Kommer jag att vara girnig och sur p\u00e5 grund av f\u00f6r lite s\u00f6mn?<br \/>\nHoppas jag somnar om en stund s\u00e5 jag kan sprida en, om \u00e4n aldrig s\u00e5 liten, strimma av gladje till n\u00e5gon.<\/p>\n<p>Undrar just hur ni har det.<br \/>\nSover ni gott eller ligger ni vakna? <\/p>\n<p>Visst g\u00f6r det ont n\u00e4r knoppar brister<\/p>\n<p><a href='http:\/\/www.eva.sundstrom.st\/wp-content\/upload\/dsc01039.jpg' title='dsc01039.jpg'><img src='http:\/\/www.eva.sundstrom.st\/wp-content\/upload\/dsc01039.jpg' alt='dsc01039.jpg' \/><\/a><\/p>\n<p>Men finns det liv finns det hopp.<\/p>\n<p>K\u00e4ra v\u00e4nner, Jag \u00f6nskar en solskensdag fylld av gl\u00e4dje.<br \/>\nHa en bra dag.<\/p>\n","protected":false},"excerpt":{"rendered":"<p>En blandad blogg om handarbeten och livet! Handarbete just nu \u00e4r Mars m\u00e5nads Tropikanasocka som jag vill f\u00e5 klar innan jag startar ytterligar ett arbete. Livet vad \u00e4r det. Ligger vaken. \u00c4n sen d\u00e5! Jag \u00e4r s\u00e4kert inte ensam. Det har inte h\u00e4nt n\u00e5got alvarligt. John Blund tog bara semester och sl\u00e4ppte inte tillr\u00e4ckligt med [&hellip;]<\/p>\n","protected":false},"author":1,"featured_media":0,"comment_status":"open","ping_status":"open","sticky":false,"template":"","format":"standard","meta":{"footnotes":""},"categories":[1],"tags":[],"class_list":["post-586","post","type-post","status-publish","format-standard","hentry","category-uncategorized"],"_links":{"self":[{"href":"https:\/\/eva.sundstrom.st\/index.php?rest_route=\/wp\/v2\/posts\/586","targetHints":{"allow":["GET"]}}],"collection":[{"href":"https:\/\/eva.sundstrom.st\/index.php?rest_route=\/wp\/v2\/posts"}],"about":[{"href":"https:\/\/eva.sundstrom.st\/index.php?rest_route=\/wp\/v2\/types\/post"}],"author":[{"embeddable":true,"href":"https:\/\/eva.sundstrom.st\/index.php?rest_route=\/wp\/v2\/users\/1"}],"replies":[{"embeddable":true,"href":"https:\/\/eva.sundstrom.st\/index.php?rest_route=%2Fwp%2Fv2%2Fcomments&post=586"}],"version-history":[{"count":0,"href":"https:\/\/eva.sundstrom.st\/index.php?rest_route=\/wp\/v2\/posts\/586\/revisions"}],"wp:attachment":[{"href":"https:\/\/eva.sundstrom.st\/index.php?rest_route=%2Fwp%2Fv2%2Fmedia&parent=586"}],"wp:term":[{"taxonomy":"category","embeddable":true,"href":"https:\/\/eva.sundstrom.st\/index.php?rest_route=%2Fwp%2Fv2%2Fcategories&post=586"},{"taxonomy":"post_tag","embeddable":true,"href":"https:\/\/eva.sundstrom.st\/index.php?rest_route=%2Fwp%2Fv2%2Ftags&post=586"}],"curies":[{"name":"wp","href":"https:\/\/api.w.org\/{rel}","templated":true}]}}