{"id":589,"date":"2008-04-01T20:43:22","date_gmt":"2008-04-01T19:43:22","guid":{"rendered":"http:\/\/www.eva.sundstrom.st\/?p=589"},"modified":"2008-04-01T20:43:22","modified_gmt":"2008-04-01T19:43:22","slug":"tropicanasockorna-ar-klara","status":"publish","type":"post","link":"https:\/\/eva.sundstrom.st\/?p=589","title":{"rendered":"Tropicanasockorna"},"content":{"rendered":"<p><a href='http:\/\/www.eva.sundstrom.st\/wp-content\/upload\/dsc02105.jpg' title='dsc02105.jpg'><img src='http:\/\/www.eva.sundstrom.st\/wp-content\/upload\/dsc02105.jpg' alt='dsc02105.jpg' \/><\/a><\/p>\n<p>Vilken l\u00e4ttnad. Detta var inte min favorit men nu \u00e4r dom klara<br \/>\noch jag har redan best\u00e4mt vem som ska f\u00e5 dom.<\/p>\n<p>Tack f\u00f6r alla fina kommentaret jag fick p\u00e5 mitt f\u00f6rra inl\u00e4gg.<br \/>\nJag slumrade lite l\u00e4tt n\u00e5gon timma  sedan, mer blev det inte. Dagen gick \u00e4nd\u00e5 riktigt bra.<\/p>\n<p>Natten till i dag  sov jag mycke b\u00e4ttre.<\/p>\n<p>Jag har satt ig\u00e5ng frostvakten i v\u00e4xthust.<br \/>\nF\u00e5r v\u00e4ll \u00e5ngest n\u00e4r el r\u00e4kningen kommer men det blir d\u00e5 det.<\/p>\n<p>I mitt lilla hus har jag en aldeles egen sol  <\/p>\n<p> <a href='http:\/\/www.eva.sundstrom.st\/wp-content\/upload\/dsc02116.jpg' title='dsc02116.jpg'><img src='http:\/\/www.eva.sundstrom.st\/wp-content\/upload\/dsc02116.jpg' alt='dsc02116.jpg' \/><\/a><\/p>\n<p>Det \u00e4r v\u00e5rkragen, som jag fick fr\u00e5n Sm\u00e5land i h\u00f6stasd, som slagit ut \u00e5rets f\u00f6rsta blomma.<\/p>\n<p>Som ni ser vilar den p\u00e5 en st\u00e5tlig sj\u00e4lk<br \/>\n med ett fint bladverk runt foten.<\/p>\n<p><a href='http:\/\/www.eva.sundstrom.st\/wp-content\/upload\/dsc02114.jpg' title='dsc02114.jpg'><img src='http:\/\/www.eva.sundstrom.st\/wp-content\/upload\/dsc02114.jpg' alt='dsc02114.jpg' \/><\/a><\/p>\n<p>S\u00e5 h\u00e4r tidigt hade den nog inte blommat om den suttit i rabatten. F\u00e5r nog lov att spara en liten del i kruka i h\u00f6st igen. D\u00e5 kan jag ta in den n\u00e4sta v\u00e5r och&#8230; ni r\u00e4knar nog ut vad jag t\u00e4nker.<\/p>\n<p>F\u00f6rra sommaren grodde ju ett par <a href=\"http:\/\/www.eva.sundstrom.st\/?p=394\">g\u00f6kungar<\/a>  h\u00e4r.<br \/>\nDen ena har lagt av men den jag visade kort p\u00e5 ser ut s\u00e5 h\u00e4r.<\/p>\n<p><a href='http:\/\/www.eva.sundstrom.st\/wp-content\/upload\/dsc02117.jpg' title='dsc02117.jpg'><img src='http:\/\/www.eva.sundstrom.st\/wp-content\/upload\/dsc02117.jpg' alt='dsc02117.jpg' \/><\/a> <\/p>\n<p>Tr\u00e4dg\u00e5rds \u00c5sa. S\u00e5 h\u00e4r ser mina v\u00e4xter ut som jag fr\u00e5gade dig om<\/p>\n<p><a href='http:\/\/www.eva.sundstrom.st\/wp-content\/upload\/dsc02118.jpg' title='dsc02118.jpg'><img src='http:\/\/www.eva.sundstrom.st\/wp-content\/upload\/dsc02118.jpg' alt='dsc02118.jpg' \/><\/a><\/p>\n<p>Jag trodde av n\u00e5gon anledning att det var doftliljan som kom f\u00f6rst men enligt din beskrivning b\u00f6r det vara tv\u00e4rt om.<br \/>\nDoftlilja till v\u00e4nster och montbretia till h\u00f6ger?<\/p>\n<p>Den h\u00f6gra v\u00e4xten kom upp f\u00f6rst.<\/p>\n<p>I denna kruka <\/p>\n<p><a href='http:\/\/www.eva.sundstrom.st\/wp-content\/upload\/dsc02121.jpg' title='dsc02121.jpg'><img src='http:\/\/www.eva.sundstrom.st\/wp-content\/upload\/dsc02121.jpg' alt='dsc02121.jpg' \/><\/a><\/p>\n<p>s\u00e5g det ut s\u00e5 <a href=\"http:\/\/www.eva.sundstrom.st\/?p=208\">h\u00e4r<\/a> f\u00f6rra \u00e5ret.<\/p>\n<p>Visst ser det lovande ut f\u00f6r kommande sommar.<\/p>\n<p>Nu ska jag g\u00f6ra kv\u00e4ll och se om jag orkar l\u00e4sa ett par sidor innan \u00f6gonen sluter sig. Om dom nu  g\u00f6r det.<br \/>\nM\u00e5 s\u00e5 gott.<\/p>\n<p>PS. Har l\u00e4st att det finns fler bloggare som har stegr\u00e4knare. 9201 steg i dag g\u00f6r mig glad  \ud83d\ude42 DS<\/p>\n","protected":false},"excerpt":{"rendered":"<p>Vilken l\u00e4ttnad. Detta var inte min favorit men nu \u00e4r dom klara och jag har redan best\u00e4mt vem som ska f\u00e5 dom. Tack f\u00f6r alla fina kommentaret jag fick p\u00e5 mitt f\u00f6rra inl\u00e4gg. Jag slumrade lite l\u00e4tt n\u00e5gon timma sedan, mer blev det inte. Dagen gick \u00e4nd\u00e5 riktigt bra. Natten till i dag sov jag [&hellip;]<\/p>\n","protected":false},"author":1,"featured_media":0,"comment_status":"open","ping_status":"open","sticky":false,"template":"","format":"standard","meta":{"footnotes":""},"categories":[1],"tags":[],"class_list":["post-589","post","type-post","status-publish","format-standard","hentry","category-uncategorized"],"_links":{"self":[{"href":"https:\/\/eva.sundstrom.st\/index.php?rest_route=\/wp\/v2\/posts\/589","targetHints":{"allow":["GET"]}}],"collection":[{"href":"https:\/\/eva.sundstrom.st\/index.php?rest_route=\/wp\/v2\/posts"}],"about":[{"href":"https:\/\/eva.sundstrom.st\/index.php?rest_route=\/wp\/v2\/types\/post"}],"author":[{"embeddable":true,"href":"https:\/\/eva.sundstrom.st\/index.php?rest_route=\/wp\/v2\/users\/1"}],"replies":[{"embeddable":true,"href":"https:\/\/eva.sundstrom.st\/index.php?rest_route=%2Fwp%2Fv2%2Fcomments&post=589"}],"version-history":[{"count":0,"href":"https:\/\/eva.sundstrom.st\/index.php?rest_route=\/wp\/v2\/posts\/589\/revisions"}],"wp:attachment":[{"href":"https:\/\/eva.sundstrom.st\/index.php?rest_route=%2Fwp%2Fv2%2Fmedia&parent=589"}],"wp:term":[{"taxonomy":"category","embeddable":true,"href":"https:\/\/eva.sundstrom.st\/index.php?rest_route=%2Fwp%2Fv2%2Fcategories&post=589"},{"taxonomy":"post_tag","embeddable":true,"href":"https:\/\/eva.sundstrom.st\/index.php?rest_route=%2Fwp%2Fv2%2Ftags&post=589"}],"curies":[{"name":"wp","href":"https:\/\/api.w.org\/{rel}","templated":true}]}}