{"id":5982,"date":"2018-03-03T14:08:37","date_gmt":"2018-03-03T13:08:37","guid":{"rendered":"http:\/\/www.eva.sundstrom.st\/?p=5982"},"modified":"2018-03-03T14:08:37","modified_gmt":"2018-03-03T13:08:37","slug":"uppdatering-2-2","status":"publish","type":"post","link":"https:\/\/eva.sundstrom.st\/?p=5982","title":{"rendered":"Uppdatering 2"},"content":{"rendered":"<p>Februari \u00e4r en kort m\u00e5nad!<br \/>\nInte s\u00e5 mycket har blivit klart men det har varit rolig stickning.<\/p>\n<p><a href=\"http:\/\/www.eva.sundstrom.st\/wp-content\/upload\/20180301_102131-002.jpg\"><img loading=\"lazy\" decoding=\"async\" src=\"http:\/\/www.eva.sundstrom.st\/wp-content\/upload\/20180301_102131-002-266x300.jpg\" alt=\"20180301_102131-002\" width=\"266\" height=\"300\" class=\"aligncenter size-medium wp-image-5983\" srcset=\"https:\/\/eva.sundstrom.st\/wp-content\/upload\/20180301_102131-002-266x300.jpg 266w, https:\/\/eva.sundstrom.st\/wp-content\/upload\/20180301_102131-002.jpg 485w\" sizes=\"auto, (max-width: 266px) 100vw, 266px\" \/><\/a><\/p>\n<p>Detta skulle egentligen bli ett par vantar med klassiskt m\u00f6nster fr\u00e5n Kiruna.<br \/>\nNu fr\u00e5gade jag Erika Nordvall Falk som s\u00e5lde kittet, om det var ok. att jag ist\u00e4llet stickade sockor. Det var det s\u00e5 det blev sockor!<br \/>\nVarje g\u00e5ng jag bara ser dessa sockor kommer jag att minnas v\u00e5r helg i  <a href=\"http:\/\/www.eva.sundstrom.st\/?p=5376\">Ritsem<\/a>, d\u00e4r jag sist tr\u00e4ffade Erika och k\u00f6pte kittet!<\/p>\n<p><a href=\"http:\/\/www.eva.sundstrom.st\/wp-content\/upload\/received_10156211804925763.jpg\"><img loading=\"lazy\" decoding=\"async\" src=\"http:\/\/www.eva.sundstrom.st\/wp-content\/upload\/received_10156211804925763-266x300.jpg\" alt=\"sockor till Maria av egenspunnet garn!\" width=\"266\" height=\"300\" class=\"aligncenter size-medium wp-image-5986\" srcset=\"https:\/\/eva.sundstrom.st\/wp-content\/upload\/received_10156211804925763-266x300.jpg 266w, https:\/\/eva.sundstrom.st\/wp-content\/upload\/received_10156211804925763.jpg 432w\" sizes=\"auto, (max-width: 266px) 100vw, 266px\" \/><\/a><\/p>\n<p>Ett par sockor av hemspunnet  garn som legat klart ett tag i v\u00e4ntan p\u00e5 att bli sockar till sonsambo.<\/p>\n<p><a href=\"http:\/\/www.eva.sundstrom.st\/wp-content\/upload\/20180301_150733-002.jpg\"><img loading=\"lazy\" decoding=\"async\" src=\"http:\/\/www.eva.sundstrom.st\/wp-content\/upload\/20180301_150733-002-258x300.jpg\" alt=\"Elviras sockor av j\u00e4rbo raggi\" width=\"258\" height=\"300\" class=\"aligncenter size-medium wp-image-5985\" \/><\/a><br \/>\nEtt par till Elvira <\/p>\n<p>och <\/p>\n<p>ett par till Arvid<br \/>\n<a href=\"http:\/\/www.eva.sundstrom.st\/wp-content\/upload\/20180301_150522-003.jpg\"><img loading=\"lazy\" decoding=\"async\" src=\"http:\/\/www.eva.sundstrom.st\/wp-content\/upload\/20180301_150522-003-238x300.jpg\" alt=\"Arvids sockor av j\u00e4rbo raggi\" width=\"238\" height=\"300\" class=\"aligncenter size-medium wp-image-5984\" \/><\/a><\/p>\n<p>B\u00e5da av J\u00e4rbo raggi.<\/p>\n<p>Nu f\u00e5r jag lov att bli frisk fr\u00e5n feber och hosta  s\u00e5 f\u00e5r vi se om det blir n\u00e5got gjort under mars ocks\u00e5!<br \/>\nVackert v\u00e4der \u00e4r det i dag i alla fall. Ser riktigt sk\u00f6nt ut n\u00e4r man ser det genom f\u00f6nstret!<\/p>\n","protected":false},"excerpt":{"rendered":"<p>Februari \u00e4r en kort m\u00e5nad! Inte s\u00e5 mycket har blivit klart men det har varit rolig stickning. Detta skulle egentligen bli ett par vantar med klassiskt m\u00f6nster fr\u00e5n Kiruna. Nu fr\u00e5gade jag Erika Nordvall Falk som s\u00e5lde kittet, om det var ok. att jag ist\u00e4llet stickade sockor. Det var det s\u00e5 det blev sockor! Varje [&hellip;]<\/p>\n","protected":false},"author":1,"featured_media":0,"comment_status":"open","ping_status":"open","sticky":false,"template":"","format":"standard","meta":{"footnotes":""},"categories":[13,9,1,10],"tags":[],"class_list":["post-5982","post","type-post","status-publish","format-standard","hentry","category-hantverk","category-livet","category-uncategorized","category-vader"],"_links":{"self":[{"href":"https:\/\/eva.sundstrom.st\/index.php?rest_route=\/wp\/v2\/posts\/5982","targetHints":{"allow":["GET"]}}],"collection":[{"href":"https:\/\/eva.sundstrom.st\/index.php?rest_route=\/wp\/v2\/posts"}],"about":[{"href":"https:\/\/eva.sundstrom.st\/index.php?rest_route=\/wp\/v2\/types\/post"}],"author":[{"embeddable":true,"href":"https:\/\/eva.sundstrom.st\/index.php?rest_route=\/wp\/v2\/users\/1"}],"replies":[{"embeddable":true,"href":"https:\/\/eva.sundstrom.st\/index.php?rest_route=%2Fwp%2Fv2%2Fcomments&post=5982"}],"version-history":[{"count":5,"href":"https:\/\/eva.sundstrom.st\/index.php?rest_route=\/wp\/v2\/posts\/5982\/revisions"}],"predecessor-version":[{"id":5991,"href":"https:\/\/eva.sundstrom.st\/index.php?rest_route=\/wp\/v2\/posts\/5982\/revisions\/5991"}],"wp:attachment":[{"href":"https:\/\/eva.sundstrom.st\/index.php?rest_route=%2Fwp%2Fv2%2Fmedia&parent=5982"}],"wp:term":[{"taxonomy":"category","embeddable":true,"href":"https:\/\/eva.sundstrom.st\/index.php?rest_route=%2Fwp%2Fv2%2Fcategories&post=5982"},{"taxonomy":"post_tag","embeddable":true,"href":"https:\/\/eva.sundstrom.st\/index.php?rest_route=%2Fwp%2Fv2%2Ftags&post=5982"}],"curies":[{"name":"wp","href":"https:\/\/api.w.org\/{rel}","templated":true}]}}