{"id":6099,"date":"2018-06-24T20:32:07","date_gmt":"2018-06-24T19:32:07","guid":{"rendered":"http:\/\/www.eva.sundstrom.st\/?p=6099"},"modified":"2018-06-24T20:32:07","modified_gmt":"2018-06-24T19:32:07","slug":"sondag-180624","status":"publish","type":"post","link":"https:\/\/eva.sundstrom.st\/?p=6099","title":{"rendered":"S\u00f6ndag 180624"},"content":{"rendered":"<p>B\u00f6rjade dagen lite segt. Sedan blev det en promenad.<br \/>\nH\u00e4r ska s\u00e4kert avverkas skog och gr\u00e4vmaskiner har varit framme och gjort intr\u00e5ng i naturen. <\/p>\n<p><a href=\"http:\/\/www.eva.sundstrom.st\/wp-content\/upload\/IMG_0113-001BLOGG.jpg\"><img loading=\"lazy\" decoding=\"async\" src=\"http:\/\/www.eva.sundstrom.st\/wp-content\/upload\/IMG_0113-001BLOGG-247x300.jpg\" alt=\"IMG_0113-001BLOGG\" width=\"247\" height=\"300\" class=\"aligncenter size-medium wp-image-6100\" srcset=\"https:\/\/eva.sundstrom.st\/wp-content\/upload\/IMG_0113-001BLOGG-247x300.jpg 247w, https:\/\/eva.sundstrom.st\/wp-content\/upload\/IMG_0113-001BLOGG.jpg 398w\" sizes=\"auto, (max-width: 247px) 100vw, 247px\" \/><\/a><\/p>\n<p>F\u00f6rmodligen ska h\u00e4r bli upplagsplats och den gamla v\u00e4gen breddas s\u00e5 gott det g\u00e5r f\u00f6r att timmerbilarna ska komma fram!<\/p>\n<p><a href=\"http:\/\/www.eva.sundstrom.st\/wp-content\/upload\/IMG_0120-001BLOGG.jpg\"><img loading=\"lazy\" decoding=\"async\" src=\"http:\/\/www.eva.sundstrom.st\/wp-content\/upload\/IMG_0120-001BLOGG-221x300.jpg\" alt=\"IMG_0120-001BLOGG\" width=\"221\" height=\"300\" class=\"aligncenter size-medium wp-image-6101\" srcset=\"https:\/\/eva.sundstrom.st\/wp-content\/upload\/IMG_0120-001BLOGG-221x300.jpg 221w, https:\/\/eva.sundstrom.st\/wp-content\/upload\/IMG_0120-001BLOGG.jpg 409w\" sizes=\"auto, (max-width: 221px) 100vw, 221px\" \/><\/a><\/p>\n<p>Hoppas denna m\u00e4ktiga gamla tall f\u00e5r st\u00e5 kvar!<\/p>\n<p>H\u00e4r syns tydliga sp\u00e5r efter tidigare avverkningar<\/p>\n<p><a href=\"http:\/\/www.eva.sundstrom.st\/wp-content\/upload\/IMG_0125-001BLOGG.jpg\"><img loading=\"lazy\" decoding=\"async\" src=\"http:\/\/www.eva.sundstrom.st\/wp-content\/upload\/IMG_0125-001BLOGG-225x300.jpg\" alt=\"IMG_0125-001BLOGG\" width=\"225\" height=\"300\" class=\"aligncenter size-medium wp-image-6102\" srcset=\"https:\/\/eva.sundstrom.st\/wp-content\/upload\/IMG_0125-001BLOGG-225x300.jpg 225w, https:\/\/eva.sundstrom.st\/wp-content\/upload\/IMG_0125-001BLOGG.jpg 454w\" sizes=\"auto, (max-width: 225px) 100vw, 225px\" \/><\/a><\/p>\n<p>Lite blommor i dikeskanten f\u00f6rgyllde promenaden<\/p>\n<p><a href=\"http:\/\/www.eva.sundstrom.st\/wp-content\/upload\/IMG_E0126BLOGG.jpg\"><img loading=\"lazy\" decoding=\"async\" src=\"http:\/\/www.eva.sundstrom.st\/wp-content\/upload\/IMG_E0126BLOGG-300x178.jpg\" alt=\"IMG_E0126BLOGG\" width=\"300\" height=\"178\" class=\"aligncenter size-medium wp-image-6106\" srcset=\"https:\/\/eva.sundstrom.st\/wp-content\/upload\/IMG_E0126BLOGG-300x178.jpg 300w, https:\/\/eva.sundstrom.st\/wp-content\/upload\/IMG_E0126BLOGG.jpg 652w\" sizes=\"auto, (max-width: 300px) 100vw, 300px\" \/><\/a><br \/>\n\u00c5 s\u00e5 kommer jag inte i h\u00e5g vad dessa blommor heter!<br \/>\nPr\u00e4stkragar kan jag i alla fall<\/p>\n<p><a href=\"http:\/\/www.eva.sundstrom.st\/wp-content\/upload\/IMG_0129BLOGG.jpg\"><img loading=\"lazy\" decoding=\"async\" src=\"http:\/\/www.eva.sundstrom.st\/wp-content\/upload\/IMG_0129BLOGG-300x229.jpg\" alt=\"IMG_0129BLOGG\" width=\"300\" height=\"229\" class=\"aligncenter size-medium wp-image-6103\" srcset=\"https:\/\/eva.sundstrom.st\/wp-content\/upload\/IMG_0129BLOGG-300x229.jpg 300w, https:\/\/eva.sundstrom.st\/wp-content\/upload\/IMG_0129BLOGG.jpg 604w\" sizes=\"auto, (max-width: 300px) 100vw, 300px\" \/><\/a><\/p>\n<p>Mindre vackert \u00e4r dumpade <\/p>\n<p><a href=\"http:\/\/www.eva.sundstrom.st\/wp-content\/upload\/IMG_0130BLOGG.jpg\"><img loading=\"lazy\" decoding=\"async\" src=\"http:\/\/www.eva.sundstrom.st\/wp-content\/upload\/IMG_0130BLOGG-287x300.jpg\" alt=\"IMG_0130BLOGG\" width=\"287\" height=\"300\" class=\"aligncenter size-medium wp-image-6104\" srcset=\"https:\/\/eva.sundstrom.st\/wp-content\/upload\/IMG_0130BLOGG-287x300.jpg 287w, https:\/\/eva.sundstrom.st\/wp-content\/upload\/IMG_0130BLOGG.jpg 454w\" sizes=\"auto, (max-width: 287px) 100vw, 287px\" \/><\/a><br \/>\n Och s\u00e5 bara sista biten kvar hem<br \/>\n<a href=\"http:\/\/www.eva.sundstrom.st\/wp-content\/upload\/IMG_0131BLOGG.jpg\"><img loading=\"lazy\" decoding=\"async\" src=\"http:\/\/www.eva.sundstrom.st\/wp-content\/upload\/IMG_0131BLOGG-251x300.jpg\" alt=\"IMG_0131BLOGG\" width=\"251\" height=\"300\" class=\"aligncenter size-medium wp-image-6105\" srcset=\"https:\/\/eva.sundstrom.st\/wp-content\/upload\/IMG_0131BLOGG-251x300.jpg 251w, https:\/\/eva.sundstrom.st\/wp-content\/upload\/IMG_0131BLOGG.jpg 451w\" sizes=\"auto, (max-width: 251px) 100vw, 251px\" \/><\/a><br \/>\nSmakade gott med kaffe n\u00e4r vi kom hem. Lite s\u00f6ndagsstickning och allm\u00e4nt slappande.<br \/>\nEfter maten blev det mera frisk luft<\/p>\n<p>En sk\u00e4ggprydd sten m\u00f6tte oss<\/p>\n<p><a href=\"http:\/\/www.eva.sundstrom.st\/wp-content\/upload\/IMG_0141BLOGG.jpg\"><img loading=\"lazy\" decoding=\"async\" src=\"http:\/\/www.eva.sundstrom.st\/wp-content\/upload\/IMG_0141BLOGG-300x225.jpg\" alt=\"IMG_0141BLOGG\" width=\"300\" height=\"225\" class=\"aligncenter size-medium wp-image-6108\" srcset=\"https:\/\/eva.sundstrom.st\/wp-content\/upload\/IMG_0141BLOGG-300x225.jpg 300w, https:\/\/eva.sundstrom.st\/wp-content\/upload\/IMG_0141BLOGG.jpg 605w\" sizes=\"auto, (max-width: 300px) 100vw, 300px\" \/><\/a><\/p>\n<p>Och mera sten<\/p>\n<p><a href=\"http:\/\/www.eva.sundstrom.st\/wp-content\/upload\/IMG_0146BLOGG.jpg\"><img loading=\"lazy\" decoding=\"async\" src=\"http:\/\/www.eva.sundstrom.st\/wp-content\/upload\/IMG_0146BLOGG-250x300.jpg\" alt=\"IMG_0146BLOGG\" width=\"250\" height=\"300\" class=\"aligncenter size-medium wp-image-6111\" srcset=\"https:\/\/eva.sundstrom.st\/wp-content\/upload\/IMG_0146BLOGG-250x300.jpg 250w, https:\/\/eva.sundstrom.st\/wp-content\/upload\/IMG_0146BLOGG.jpg 453w\" sizes=\"auto, (max-width: 250px) 100vw, 250px\" \/><\/a><br \/>\noch mera sten<\/p>\n<p><a href=\"http:\/\/www.eva.sundstrom.st\/wp-content\/upload\/IMG_0145BLOGG.jpg\"><img loading=\"lazy\" decoding=\"async\" src=\"http:\/\/www.eva.sundstrom.st\/wp-content\/upload\/IMG_0145BLOGG-253x300.jpg\" alt=\"IMG_0145BLOGG\" width=\"253\" height=\"300\" class=\"aligncenter size-medium wp-image-6110\" srcset=\"https:\/\/eva.sundstrom.st\/wp-content\/upload\/IMG_0145BLOGG-253x300.jpg 253w, https:\/\/eva.sundstrom.st\/wp-content\/upload\/IMG_0145BLOGG.jpg 454w\" sizes=\"auto, (max-width: 253px) 100vw, 253px\" \/><\/a><br \/>\nKaffekorgen var med f\u00f6rst\u00e5s.<br \/>\nRoten m\u00e5ste fotas varje g\u00e5ng<br \/>\n<a href=\"http:\/\/www.eva.sundstrom.st\/wp-content\/upload\/IMG_0144-001BLOGG.jpg\"><img loading=\"lazy\" decoding=\"async\" src=\"http:\/\/www.eva.sundstrom.st\/wp-content\/upload\/IMG_0144-001BLOGG-300x285.jpg\" alt=\"IMG_0144-001BLOGG\" width=\"300\" height=\"285\" class=\"aligncenter size-medium wp-image-6109\" srcset=\"https:\/\/eva.sundstrom.st\/wp-content\/upload\/IMG_0144-001BLOGG-300x285.jpg 300w, https:\/\/eva.sundstrom.st\/wp-content\/upload\/IMG_0144-001BLOGG.jpg 571w\" sizes=\"auto, (max-width: 300px) 100vw, 300px\" \/><\/a><\/p>\n<p>Ett litet fotbad blev det ocks\u00e5 i fina Skagern.<br \/>\n<a href=\"http:\/\/www.eva.sundstrom.st\/wp-content\/upload\/IMG_0135BLOGG.jpg\"><img loading=\"lazy\" decoding=\"async\" src=\"http:\/\/www.eva.sundstrom.st\/wp-content\/upload\/IMG_0135BLOGG-225x300.jpg\" alt=\"IMG_0135BLOGG\" width=\"225\" height=\"300\" class=\"aligncenter size-medium wp-image-6107\" srcset=\"https:\/\/eva.sundstrom.st\/wp-content\/upload\/IMG_0135BLOGG-225x300.jpg 225w, https:\/\/eva.sundstrom.st\/wp-content\/upload\/IMG_0135BLOGG.jpg 363w\" sizes=\"auto, (max-width: 225px) 100vw, 225px\" \/><\/a><\/p>\n<p>Riktigt gott k\u00e4ndes det!<\/p>\n","protected":false},"excerpt":{"rendered":"<p>B\u00f6rjade dagen lite segt. Sedan blev det en promenad. H\u00e4r ska s\u00e4kert avverkas skog och gr\u00e4vmaskiner har varit framme och gjort intr\u00e5ng i naturen. F\u00f6rmodligen ska h\u00e4r bli upplagsplats och den gamla v\u00e4gen breddas s\u00e5 gott det g\u00e5r f\u00f6r att timmerbilarna ska komma fram! Hoppas denna m\u00e4ktiga gamla tall f\u00e5r st\u00e5 kvar! H\u00e4r syns tydliga [&hellip;]<\/p>\n","protected":false},"author":1,"featured_media":0,"comment_status":"open","ping_status":"open","sticky":false,"template":"","format":"standard","meta":{"footnotes":""},"categories":[9,14,16],"tags":[],"class_list":["post-6099","post","type-post","status-publish","format-standard","hentry","category-livet","category-motion","category-natur"],"_links":{"self":[{"href":"https:\/\/eva.sundstrom.st\/index.php?rest_route=\/wp\/v2\/posts\/6099","targetHints":{"allow":["GET"]}}],"collection":[{"href":"https:\/\/eva.sundstrom.st\/index.php?rest_route=\/wp\/v2\/posts"}],"about":[{"href":"https:\/\/eva.sundstrom.st\/index.php?rest_route=\/wp\/v2\/types\/post"}],"author":[{"embeddable":true,"href":"https:\/\/eva.sundstrom.st\/index.php?rest_route=\/wp\/v2\/users\/1"}],"replies":[{"embeddable":true,"href":"https:\/\/eva.sundstrom.st\/index.php?rest_route=%2Fwp%2Fv2%2Fcomments&post=6099"}],"version-history":[{"count":2,"href":"https:\/\/eva.sundstrom.st\/index.php?rest_route=\/wp\/v2\/posts\/6099\/revisions"}],"predecessor-version":[{"id":6113,"href":"https:\/\/eva.sundstrom.st\/index.php?rest_route=\/wp\/v2\/posts\/6099\/revisions\/6113"}],"wp:attachment":[{"href":"https:\/\/eva.sundstrom.st\/index.php?rest_route=%2Fwp%2Fv2%2Fmedia&parent=6099"}],"wp:term":[{"taxonomy":"category","embeddable":true,"href":"https:\/\/eva.sundstrom.st\/index.php?rest_route=%2Fwp%2Fv2%2Fcategories&post=6099"},{"taxonomy":"post_tag","embeddable":true,"href":"https:\/\/eva.sundstrom.st\/index.php?rest_route=%2Fwp%2Fv2%2Ftags&post=6099"}],"curies":[{"name":"wp","href":"https:\/\/api.w.org\/{rel}","templated":true}]}}