{"id":626,"date":"2008-05-18T15:37:17","date_gmt":"2008-05-18T14:37:17","guid":{"rendered":"http:\/\/www.eva.sundstrom.st\/?p=626"},"modified":"2008-05-18T15:37:17","modified_gmt":"2008-05-18T14:37:17","slug":"angaende-bloggavbrott","status":"publish","type":"post","link":"https:\/\/eva.sundstrom.st\/?p=626","title":{"rendered":"Ang"},"content":{"rendered":"<p>Som ni redan sett s\u00e5 finns jag kvar.<\/p>\n<p>Inga utomjordingar h\u00e4r inte. Det har bara varit tomt i hj\u00e4rnan. En konstig v\u00e5rtr\u00f6tthet blandad<\/p>\n<p>med en massa &#8221;lust att g\u00f6ra&#8221; s\u00e5nt som liksom aldrig hinns med. Tanken vill mer \u00e4n kroppen orkar.<\/p>\n<p>Tillexempel vill jag v\u00e4va en matta till.<\/p>\n<p><a href='http:\/\/www.eva.sundstrom.st\/wp-content\/upload\/dsc02303-small.JPG' title='dsc02303-small.JPG'><img src='http:\/\/www.eva.sundstrom.st\/wp-content\/upload\/dsc02303-small.JPG' alt='dsc02303-small.JPG' \/><\/a><\/p>\n<p>G\u00f6ra om tr\u00e4dg\u00e5rden eller \u00e5tminstonne orka h\u00e5lla ogr\u00e4set borta n\u00e5got s\u00e5 n\u00e4r.<\/p>\n<p><a href='http:\/\/www.eva.sundstrom.st\/wp-content\/upload\/dsc02305-small.JPG' title='dsc02305-small.JPG'><img src='http:\/\/www.eva.sundstrom.st\/wp-content\/upload\/dsc02305-small.JPG' alt='dsc02305-small.JPG' \/><\/a><\/p>\n<p> D\u00e4r emellan ska dagar och kv\u00e4llar med det som kallas &#8221;yrkesarbete&#8221; in ocks\u00e5. Lite ork m\u00e5ste sparas f\u00f6r dessa tillf\u00e4llen.<\/p>\n<p>\u00c4r det n\u00e5gon som k\u00e4nner igen sig?<\/p>\n<p>PS. Ni som f\u00f6rut ibland haft problem att se min bildinl\u00e4gg. H\u00f6r av er om det strular nu f\u00f6r jag har anv\u00e4nt en annan metod \u00e4n jag brukar.DS<\/p>\n<p>Vi h\u00f6rs nog igen.<\/p>\n","protected":false},"excerpt":{"rendered":"<p>Som ni redan sett s\u00e5 finns jag kvar. Inga utomjordingar h\u00e4r inte. Det har bara varit tomt i hj\u00e4rnan. En konstig v\u00e5rtr\u00f6tthet blandad med en massa &#8221;lust att g\u00f6ra&#8221; s\u00e5nt som liksom aldrig hinns med. Tanken vill mer \u00e4n kroppen orkar. Tillexempel vill jag v\u00e4va en matta till. G\u00f6ra om tr\u00e4dg\u00e5rden eller \u00e5tminstonne orka h\u00e5lla [&hellip;]<\/p>\n","protected":false},"author":1,"featured_media":0,"comment_status":"open","ping_status":"open","sticky":false,"template":"","format":"standard","meta":{"footnotes":""},"categories":[1],"tags":[],"class_list":["post-626","post","type-post","status-publish","format-standard","hentry","category-uncategorized"],"_links":{"self":[{"href":"https:\/\/eva.sundstrom.st\/index.php?rest_route=\/wp\/v2\/posts\/626","targetHints":{"allow":["GET"]}}],"collection":[{"href":"https:\/\/eva.sundstrom.st\/index.php?rest_route=\/wp\/v2\/posts"}],"about":[{"href":"https:\/\/eva.sundstrom.st\/index.php?rest_route=\/wp\/v2\/types\/post"}],"author":[{"embeddable":true,"href":"https:\/\/eva.sundstrom.st\/index.php?rest_route=\/wp\/v2\/users\/1"}],"replies":[{"embeddable":true,"href":"https:\/\/eva.sundstrom.st\/index.php?rest_route=%2Fwp%2Fv2%2Fcomments&post=626"}],"version-history":[{"count":0,"href":"https:\/\/eva.sundstrom.st\/index.php?rest_route=\/wp\/v2\/posts\/626\/revisions"}],"wp:attachment":[{"href":"https:\/\/eva.sundstrom.st\/index.php?rest_route=%2Fwp%2Fv2%2Fmedia&parent=626"}],"wp:term":[{"taxonomy":"category","embeddable":true,"href":"https:\/\/eva.sundstrom.st\/index.php?rest_route=%2Fwp%2Fv2%2Fcategories&post=626"},{"taxonomy":"post_tag","embeddable":true,"href":"https:\/\/eva.sundstrom.st\/index.php?rest_route=%2Fwp%2Fv2%2Ftags&post=626"}],"curies":[{"name":"wp","href":"https:\/\/api.w.org\/{rel}","templated":true}]}}