{"id":629,"date":"2008-05-22T10:24:11","date_gmt":"2008-05-22T09:24:11","guid":{"rendered":"http:\/\/www.eva.sundstrom.st\/?p=629"},"modified":"2008-05-22T10:24:11","modified_gmt":"2008-05-22T09:24:11","slug":"en-bra-dag","status":"publish","type":"post","link":"https:\/\/eva.sundstrom.st\/?p=629","title":{"rendered":"EN BRA DAG."},"content":{"rendered":"<p>I g\u00e5r, den 22 maj hade jag och min kolega B en helt ledig och bra dag tillsammans.<\/p>\n<p>Vi f\u00f6rs\u00f6ker f\u00e5 en s\u00e5n dag om \u00e5ret, g\u00e4rna tv\u00e5.<\/p>\n<p>Inga m\u00e5sten eller sn\u00e4va tider att passa.<\/p>\n<p>Vi styrde f\u00e4rden mot Visnum och Klockarg\u00e5rdens handelstr\u00e4dg\u00e5rd.<\/p>\n<p>Detta var det f\u00f6rsta som m\u00f6tte oss.<\/p>\n<p><a href='http:\/\/www.eva.sundstrom.st\/wp-content\/upload\/dsc02312.jpg' title='dsc02312.jpg'><img src='http:\/\/www.eva.sundstrom.st\/wp-content\/upload\/dsc02312.jpg' alt='dsc02312.jpg' \/><\/a><\/p>\n<p>N\u00e4r vi steg in i v\u00e4xthuset m\u00f6ttes vi av diversse tr\u00e4dg\u00e5rdskonst.<\/p>\n<p><a href='http:\/\/www.eva.sundstrom.st\/wp-content\/upload\/dsc02308.jpg' title='dsc02308.jpg'><img src='http:\/\/www.eva.sundstrom.st\/wp-content\/upload\/dsc02308.jpg' alt='dsc02308.jpg' \/><\/a><\/p>\n<p>S\u00e4g om denna kloka uggla hade kunnat dela med sig av lite vishet om att handla blommor?<\/p>\n<p><a href='http:\/\/www.eva.sundstrom.st\/wp-content\/upload\/dsc02311.jpg' title='dsc02311.jpg'><img src='http:\/\/www.eva.sundstrom.st\/wp-content\/upload\/dsc02311.jpg' alt='dsc02311.jpg' \/><\/a><\/p>\n<p>Blomsterprakt och \u00e5ter blomsterprakt fyllde alla v\u00e4xthusen.<\/p>\n<p>Ord \u00e4r \u00f6verfl\u00f6diga.<\/p>\n<p><a href='http:\/\/www.eva.sundstrom.st\/wp-content\/upload\/dsc02313.jpg' title='dsc02313.jpg'><img src='http:\/\/www.eva.sundstrom.st\/wp-content\/upload\/dsc02313.jpg' alt='dsc02313.jpg' \/><\/a><\/p>\n<p><a href='http:\/\/www.eva.sundstrom.st\/wp-content\/upload\/dsc02314.jpg' title='dsc02314.jpg'><img src='http:\/\/www.eva.sundstrom.st\/wp-content\/upload\/dsc02314.jpg' alt='dsc02314.jpg' \/><\/a><\/p>\n<p>N\u00e4r vi kommit s\u00e5 h\u00e4r l\u00e5ngt hade vi insett att vi beh\u00f6vde varsin vagn. D\u00e5 passde vi ocks\u00e5 p\u00e5 att pocka fram v\u00e5rt medhavda kaffe och sm\u00f6rg\u00e5sar. Det smakade j\u00e4ttebra. Styrkta, till korppen av mats\u00e4cken och sj\u00e4len av att sitta ner och prata, av verkade vi resten av v\u00e4xthusen,<\/p>\n<p><a href='http:\/\/www.eva.sundstrom.st\/wp-content\/upload\/dsc02315.jpg' title='dsc02315.jpg'><img src='http:\/\/www.eva.sundstrom.st\/wp-content\/upload\/dsc02315.jpg' alt='dsc02315.jpg' \/><\/a><\/p>\n<p>Alla dessa uppstammade v\u00e4xter fulla av blommor. H\u00e4r viskade nog \u00e4d\u00e5 ugglan f\u00f6rst\u00e5ndiga ord i mitt \u00f6ra f\u00f6r inga stamtr\u00e4d f\u00f6ljd med i korgen.<\/p>\n<p>Sedan kom tageteshavet.<\/p>\n<p><a href='http:\/\/www.eva.sundstrom.st\/wp-content\/upload\/dsc02317.jpg' title='dsc02317.jpg'><img src='http:\/\/www.eva.sundstrom.st\/wp-content\/upload\/dsc02317.jpg' alt='dsc02317.jpg' \/><\/a><\/p>\n<p>Och pelargonhavet, OJ, OJ<\/p>\n<p><a href='http:\/\/www.eva.sundstrom.st\/wp-content\/upload\/dsc02319.jpg' title='dsc02319.jpg'><img src='http:\/\/www.eva.sundstrom.st\/wp-content\/upload\/dsc02319.jpg' alt='dsc02319.jpg' \/><\/a><\/p>\n<p><a href='http:\/\/www.eva.sundstrom.st\/wp-content\/upload\/dsc02320.jpg' title='dsc02320.jpg'><img src='http:\/\/www.eva.sundstrom.st\/wp-content\/upload\/dsc02320.jpg' alt='dsc02320.jpg' \/><\/a><\/p>\n<p><a href='http:\/\/www.eva.sundstrom.st\/wp-content\/upload\/dsc02321.jpg' title='dsc02321.jpg'><img src='http:\/\/www.eva.sundstrom.st\/wp-content\/upload\/dsc02321.jpg' alt='dsc02321.jpg' \/><\/a><\/p>\n<p>P\u00e5 v\u00e4g mot kassan fanns en underbar begonia<\/p>\n<p><a href='http:\/\/www.eva.sundstrom.st\/wp-content\/upload\/dsc02323.jpg' title='dsc02323.jpg'><img src='http:\/\/www.eva.sundstrom.st\/wp-content\/upload\/dsc02323.jpg' alt='dsc02323.jpg' \/><\/a><\/p>\n<p>Vi h\u00f6ll nog m\u00e5ttet b\u00e5da tv\u00e5.<br \/>\nFynden rymdes gott i skuffen.<\/p>\n<p><a href='http:\/\/www.eva.sundstrom.st\/wp-content\/upload\/dsc02324.jpg' title='dsc02324.jpg'><img src='http:\/\/www.eva.sundstrom.st\/wp-content\/upload\/dsc02324.jpg' alt='dsc02324.jpg' \/><\/a><\/p>\n<p>Resan slutade inte h\u00e4r s\u00e5 forts\u00e4ttning f\u00f6ljer. Nu ska jag ut och plantera i krukor.<br \/>\nVi h\u00f6rs.<\/p>\n","protected":false},"excerpt":{"rendered":"<p>I g\u00e5r, den 22 maj hade jag och min kolega B en helt ledig och bra dag tillsammans. Vi f\u00f6rs\u00f6ker f\u00e5 en s\u00e5n dag om \u00e5ret, g\u00e4rna tv\u00e5. Inga m\u00e5sten eller sn\u00e4va tider att passa. Vi styrde f\u00e4rden mot Visnum och Klockarg\u00e5rdens handelstr\u00e4dg\u00e5rd. Detta var det f\u00f6rsta som m\u00f6tte oss. N\u00e4r vi steg in i [&hellip;]<\/p>\n","protected":false},"author":1,"featured_media":0,"comment_status":"open","ping_status":"open","sticky":false,"template":"","format":"standard","meta":{"footnotes":""},"categories":[1],"tags":[],"class_list":["post-629","post","type-post","status-publish","format-standard","hentry","category-uncategorized"],"_links":{"self":[{"href":"https:\/\/eva.sundstrom.st\/index.php?rest_route=\/wp\/v2\/posts\/629","targetHints":{"allow":["GET"]}}],"collection":[{"href":"https:\/\/eva.sundstrom.st\/index.php?rest_route=\/wp\/v2\/posts"}],"about":[{"href":"https:\/\/eva.sundstrom.st\/index.php?rest_route=\/wp\/v2\/types\/post"}],"author":[{"embeddable":true,"href":"https:\/\/eva.sundstrom.st\/index.php?rest_route=\/wp\/v2\/users\/1"}],"replies":[{"embeddable":true,"href":"https:\/\/eva.sundstrom.st\/index.php?rest_route=%2Fwp%2Fv2%2Fcomments&post=629"}],"version-history":[{"count":0,"href":"https:\/\/eva.sundstrom.st\/index.php?rest_route=\/wp\/v2\/posts\/629\/revisions"}],"wp:attachment":[{"href":"https:\/\/eva.sundstrom.st\/index.php?rest_route=%2Fwp%2Fv2%2Fmedia&parent=629"}],"wp:term":[{"taxonomy":"category","embeddable":true,"href":"https:\/\/eva.sundstrom.st\/index.php?rest_route=%2Fwp%2Fv2%2Fcategories&post=629"},{"taxonomy":"post_tag","embeddable":true,"href":"https:\/\/eva.sundstrom.st\/index.php?rest_route=%2Fwp%2Fv2%2Ftags&post=629"}],"curies":[{"name":"wp","href":"https:\/\/api.w.org\/{rel}","templated":true}]}}