{"id":6381,"date":"2019-01-26T17:20:05","date_gmt":"2019-01-26T16:20:05","guid":{"rendered":"http:\/\/www.eva.sundstrom.st\/?p=6381"},"modified":"2019-01-26T17:20:05","modified_gmt":"2019-01-26T16:20:05","slug":"190126","status":"publish","type":"post","link":"https:\/\/eva.sundstrom.st\/?p=6381","title":{"rendered":"190126"},"content":{"rendered":"<p>B\u00f6rjade dagen med att bjuda k\u00e4re maken, kaffe p\u00e5 s\u00e4ngen!<br \/>\nDet tycker jag han \u00e4r v\u00e4rd.<br \/>\nI synnerhet som det \u00e4r hans f\u00f6delsedag i dag!<\/p>\n<p><a href=\"http:\/\/www.eva.sundstrom.st\/wp-content\/upload\/20160630_184458-003BLOGG.jpg\"><img loading=\"lazy\" decoding=\"async\" src=\"http:\/\/www.eva.sundstrom.st\/wp-content\/upload\/20160630_184458-003BLOGG-300x267.jpg\" alt=\"20160630_184458-003BLOGG\" width=\"300\" height=\"267\" class=\"aligncenter size-medium wp-image-6386\" srcset=\"https:\/\/eva.sundstrom.st\/wp-content\/upload\/20160630_184458-003BLOGG-300x267.jpg 300w, https:\/\/eva.sundstrom.st\/wp-content\/upload\/20160630_184458-003BLOGG.jpg 449w\" sizes=\"auto, (max-width: 300px) 100vw, 300px\" \/><\/a><\/p>\n<p>Fortsatte med en del gardinbyten och bort med julinspirerade dukar!<br \/>\nSedan en sv\u00e4ng med snabeldraken och tangokavaljeren!<br \/>\nDet \u00e4r den enda dans jag kan, och t\u00e4nk att det \u00e4r en riktig kavaljer!<br \/>\nHan g\u00f6r precis som jag vill och mellan danstillf\u00e4llena s\u00e5 h\u00e4nger han d\u00e4r,<br \/>\nhelt tyst p\u00e5 sin spik!<\/p>\n<p>Men det tar p\u00e5 krafterna att sj\u00e5a p\u00e5 s\u00e5 d\u00e4r!<br \/>\nT\u00e4nkte mig en stunds filtstickning!<\/p>\n<p><a href=\"http:\/\/www.eva.sundstrom.st\/wp-content\/upload\/DAAD903D-4E35-4219-A86E-7D590649A7DB.jpeg\"><img loading=\"lazy\" decoding=\"async\" src=\"http:\/\/www.eva.sundstrom.st\/wp-content\/upload\/DAAD903D-4E35-4219-A86E-7D590649A7DB-285x300.jpeg\" alt=\"DAAD903D-4E35-4219-A86E-7D590649A7DB\" width=\"285\" height=\"300\" class=\"aligncenter size-medium wp-image-6382\" srcset=\"https:\/\/eva.sundstrom.st\/wp-content\/upload\/DAAD903D-4E35-4219-A86E-7D590649A7DB-285x300.jpeg 285w, https:\/\/eva.sundstrom.st\/wp-content\/upload\/DAAD903D-4E35-4219-A86E-7D590649A7DB-973x1024.jpeg 973w, https:\/\/eva.sundstrom.st\/wp-content\/upload\/DAAD903D-4E35-4219-A86E-7D590649A7DB.jpeg 1946w\" sizes=\"auto, (max-width: 285px) 100vw, 285px\" \/><\/a><\/p>\n<p>D\u00e5 kom minnet ifatt mig!<br \/>\nDenna lilla lagkamrat skulle ju bli f\u00e4rdig  f\u00f6r att \u00f6verl\u00e4mnas i dag!<\/p>\n<p><a href=\"http:\/\/www.eva.sundstrom.st\/wp-content\/upload\/36E46DAE-D544-4FE8-AAAE-4AC8A89216EB.jpeg\"><img loading=\"lazy\" decoding=\"async\" src=\"http:\/\/www.eva.sundstrom.st\/wp-content\/upload\/36E46DAE-D544-4FE8-AAAE-4AC8A89216EB-236x300.jpeg\" alt=\"36E46DAE-D544-4FE8-AAAE-4AC8A89216EB\" width=\"236\" height=\"300\" class=\"aligncenter size-medium wp-image-6385\" srcset=\"https:\/\/eva.sundstrom.st\/wp-content\/upload\/36E46DAE-D544-4FE8-AAAE-4AC8A89216EB-236x300.jpeg 236w, https:\/\/eva.sundstrom.st\/wp-content\/upload\/36E46DAE-D544-4FE8-AAAE-4AC8A89216EB-805x1024.jpeg 805w, https:\/\/eva.sundstrom.st\/wp-content\/upload\/36E46DAE-D544-4FE8-AAAE-4AC8A89216EB.jpeg 1610w\" sizes=\"auto, (max-width: 236px) 100vw, 236px\" \/><\/a><\/p>\n<p>Lite sn\u00f6 far d\u00e5 och d\u00e5 i luften och det \u00e4r runt -5!<br \/>\n\u00d6nskar alla en fin l\u00f6rdagskv\u00e4ll!<\/p>\n","protected":false},"excerpt":{"rendered":"<p>B\u00f6rjade dagen med att bjuda k\u00e4re maken, kaffe p\u00e5 s\u00e4ngen! Det tycker jag han \u00e4r v\u00e4rd. I synnerhet som det \u00e4r hans f\u00f6delsedag i dag! Fortsatte med en del gardinbyten och bort med julinspirerade dukar! Sedan en sv\u00e4ng med snabeldraken och tangokavaljeren! Det \u00e4r den enda dans jag kan, och t\u00e4nk att det \u00e4r en [&hellip;]<\/p>\n","protected":false},"author":1,"featured_media":0,"comment_status":"open","ping_status":"open","sticky":false,"template":"","format":"standard","meta":{"footnotes":""},"categories":[13,9,1,10],"tags":[],"class_list":["post-6381","post","type-post","status-publish","format-standard","hentry","category-hantverk","category-livet","category-uncategorized","category-vader"],"_links":{"self":[{"href":"https:\/\/eva.sundstrom.st\/index.php?rest_route=\/wp\/v2\/posts\/6381","targetHints":{"allow":["GET"]}}],"collection":[{"href":"https:\/\/eva.sundstrom.st\/index.php?rest_route=\/wp\/v2\/posts"}],"about":[{"href":"https:\/\/eva.sundstrom.st\/index.php?rest_route=\/wp\/v2\/types\/post"}],"author":[{"embeddable":true,"href":"https:\/\/eva.sundstrom.st\/index.php?rest_route=\/wp\/v2\/users\/1"}],"replies":[{"embeddable":true,"href":"https:\/\/eva.sundstrom.st\/index.php?rest_route=%2Fwp%2Fv2%2Fcomments&post=6381"}],"version-history":[{"count":7,"href":"https:\/\/eva.sundstrom.st\/index.php?rest_route=\/wp\/v2\/posts\/6381\/revisions"}],"predecessor-version":[{"id":6392,"href":"https:\/\/eva.sundstrom.st\/index.php?rest_route=\/wp\/v2\/posts\/6381\/revisions\/6392"}],"wp:attachment":[{"href":"https:\/\/eva.sundstrom.st\/index.php?rest_route=%2Fwp%2Fv2%2Fmedia&parent=6381"}],"wp:term":[{"taxonomy":"category","embeddable":true,"href":"https:\/\/eva.sundstrom.st\/index.php?rest_route=%2Fwp%2Fv2%2Fcategories&post=6381"},{"taxonomy":"post_tag","embeddable":true,"href":"https:\/\/eva.sundstrom.st\/index.php?rest_route=%2Fwp%2Fv2%2Ftags&post=6381"}],"curies":[{"name":"wp","href":"https:\/\/api.w.org\/{rel}","templated":true}]}}