{"id":64,"date":"2007-06-19T19:48:40","date_gmt":"2007-06-19T18:48:40","guid":{"rendered":"http:\/\/www.eva.sundstrom.st\/?p=64"},"modified":"2007-06-19T19:48:40","modified_gmt":"2007-06-19T18:48:40","slug":"forvarvsarbete","status":"publish","type":"post","link":"https:\/\/eva.sundstrom.st\/?p=64","title":{"rendered":"F"},"content":{"rendered":"<p>Resan till Norrland, tr\u00e4ffa sl\u00e4ktingarna d\u00e4r och att f\u00e5 hem &#8221;lilleman&#8221; g\u00f6r att min tv\u00e5 veckors ledighet k\u00e4nns mycke l\u00e4ngre. Har liksom  hunnit med s\u00e5 mycke.<br \/>\nSk\u00f6nt har det varit och jag har verkligen kopplat av yrkeslivet.<br \/>\nMen nu \u00e4r jag ig\u00e5ng igen med arbete och begr\u00e4nsad fritid.<\/p>\n<p>I dag har vi varit p\u00e5 utflykt med alla hyresg\u00e4sterna som bor p\u00e5 &#8221;min&#8221; avdelnig. En riktigt h\u00e4rlig dag har vi haft.<\/p>\n<p>Under helgen som gick, var jag med kyrkans miniorer p\u00e5 l\u00e4ger.<br \/>\n Fredagskv\u00e4llen var fylld av knott, sm\u00e5 ot\u00e4cka kryp det d\u00e4r.<br \/>\nL\u00f6rdagen fylldes av sol och bland annat tipspromenad till sj\u00f6n. D\u00e4r blev det bad och fika innan vi gick hem igen.<br \/>\nDet fl\u00e4ktade lite s\u00e5 vi hann med ett fint l\u00e4gerb\u00e5l, innan knotten kom tillbaka. Det blev en f\u00f6rh\u00e5llandevis tidig kv\u00e4ll, dels f\u00f6r knotten, men efter en dag d\u00e4r mesta tiden tillbringats utomhus var dessa goa barn r\u00e4tt s\u00e5 tr\u00f6tta.<br \/>\nS\u00f6ndag -ih\u00e5llande regn men idel glada miner.<br \/>\nVi var tre ledar och vid avslutnigen fick vi varsin j\u00e4ttefin gul ros av f\u00f6r\u00e4ldrarna, och barnen.<\/p>\n<p><a href='http:\/\/www.eva.sundstrom.st\/wp-content\/upload\/dsc00226.jpg' title='dsc00226.jpg'><img src='http:\/\/www.eva.sundstrom.st\/wp-content\/upload\/dsc00226.tumnagel.jpg' alt='dsc00226.jpg' \/><\/a><\/p>\n<p><a href='http:\/\/www.eva.sundstrom.st\/wp-content\/upload\/dsc00227.jpg' title='dsc00227.jpg'><img src='http:\/\/www.eva.sundstrom.st\/wp-content\/upload\/dsc00227.tumnagel.jpg' alt='dsc00227.jpg' \/><\/a><\/p>\n<p>N\u00e4r jag kom hem fr\u00e5n jobbet i em och middagen var avklarad tog jag en runda runt \u00e4gorna.<br \/>\nUtanf\u00f6r t\u00e4dg\u00e5rden hittde jag en ros<\/p>\n<p><a href='http:\/\/www.eva.sundstrom.st\/wp-content\/upload\/dsc00208.jpg' title='dsc00208.jpg'><img src='http:\/\/www.eva.sundstrom.st\/wp-content\/upload\/dsc00208.tumnagel.jpg' alt='dsc00208.jpg' \/><\/a><\/p>\n<p>Den kommer fr\u00e5n min sv\u00e4rmors tr\u00e4dg\u00e5rd. Tog med ett skott f\u00e5r m\u00e5\u00e5\u00e5\u00e5nga \u00e5r sedan.<br \/>\nSenare f\u00f6rpassades den till utmarkerna p\u00e5 grund av sin villighet att sprida sig.<br \/>\nDen k\u00e4mpar s\u00e5 tappert och b\u00f6rjar tala till mitt hj\u00e4rta igen. Kanske borde den f\u00e5 en finare plats??<\/p>\n<p>Slutar i dag med en bild p\u00e5 en sjal. Den blev klar i p\u00e5skas och jag kallar den Hjortonmyr. Varf\u00f6r? Ja det \u00e4r kanske inte s\u00e5 l\u00e4tt att f\u00f6rst\u00e5 n\u00e4r man bara ser ett kort. Men den glimmar som en myr full med mogna hjortron i eftermiddagssol.<\/p>\n<p><a href='http:\/\/www.eva.sundstrom.st\/wp-content\/upload\/dsc00240.jpg' title='dsc00240.jpg'><img src='http:\/\/www.eva.sundstrom.st\/wp-content\/upload\/dsc00240.tumnagel.jpg' alt='dsc00240.jpg' \/><\/a><\/p>\n<p>Lev v\u00e4l och m\u00e5 gott<\/p>\n","protected":false},"excerpt":{"rendered":"<p>Resan till Norrland, tr\u00e4ffa sl\u00e4ktingarna d\u00e4r och att f\u00e5 hem &#8221;lilleman&#8221; g\u00f6r att min tv\u00e5 veckors ledighet k\u00e4nns mycke l\u00e4ngre. Har liksom hunnit med s\u00e5 mycke. Sk\u00f6nt har det varit och jag har verkligen kopplat av yrkeslivet. Men nu \u00e4r jag ig\u00e5ng igen med arbete och begr\u00e4nsad fritid. I dag har vi varit p\u00e5 utflykt [&hellip;]<\/p>\n","protected":false},"author":1,"featured_media":0,"comment_status":"open","ping_status":"open","sticky":false,"template":"","format":"standard","meta":{"footnotes":""},"categories":[1],"tags":[],"class_list":["post-64","post","type-post","status-publish","format-standard","hentry","category-uncategorized"],"_links":{"self":[{"href":"https:\/\/eva.sundstrom.st\/index.php?rest_route=\/wp\/v2\/posts\/64","targetHints":{"allow":["GET"]}}],"collection":[{"href":"https:\/\/eva.sundstrom.st\/index.php?rest_route=\/wp\/v2\/posts"}],"about":[{"href":"https:\/\/eva.sundstrom.st\/index.php?rest_route=\/wp\/v2\/types\/post"}],"author":[{"embeddable":true,"href":"https:\/\/eva.sundstrom.st\/index.php?rest_route=\/wp\/v2\/users\/1"}],"replies":[{"embeddable":true,"href":"https:\/\/eva.sundstrom.st\/index.php?rest_route=%2Fwp%2Fv2%2Fcomments&post=64"}],"version-history":[{"count":0,"href":"https:\/\/eva.sundstrom.st\/index.php?rest_route=\/wp\/v2\/posts\/64\/revisions"}],"wp:attachment":[{"href":"https:\/\/eva.sundstrom.st\/index.php?rest_route=%2Fwp%2Fv2%2Fmedia&parent=64"}],"wp:term":[{"taxonomy":"category","embeddable":true,"href":"https:\/\/eva.sundstrom.st\/index.php?rest_route=%2Fwp%2Fv2%2Fcategories&post=64"},{"taxonomy":"post_tag","embeddable":true,"href":"https:\/\/eva.sundstrom.st\/index.php?rest_route=%2Fwp%2Fv2%2Ftags&post=64"}],"curies":[{"name":"wp","href":"https:\/\/api.w.org\/{rel}","templated":true}]}}