{"id":6402,"date":"2019-02-03T20:59:33","date_gmt":"2019-02-03T19:59:33","guid":{"rendered":"http:\/\/www.eva.sundstrom.st\/?p=6402"},"modified":"2019-02-03T20:59:33","modified_gmt":"2019-02-03T19:59:33","slug":"inga-bilder","status":"publish","type":"post","link":"https:\/\/eva.sundstrom.st\/?p=6402","title":{"rendered":"Inga bilder!"},"content":{"rendered":"<p>Vilken helg!<br \/>\ntv\u00e5 vuxna barn, sv\u00e4rdotter, tv\u00e5 barnbarn och tv\u00e5 hundar anl\u00e4nde under fredagskv\u00e4llen!<br \/>\nResorna, f\u00f6r alla inblandade, tog sin tid d\u00e5 det var sn\u00f6igt sp\u00e5rigt och h\u00e4r och d\u00e4r sm\u00e5tt stopp i trafiken.<br \/>\nTack och lov var det inga st\u00f6rre olyckor dom beh\u00f6vde passera.<br \/>\nUnder l\u00f6rdagen, straxt f\u00f6re lunch h\u00e4mtades yngsta barnet(ja, jag vet att han \u00e4r vuxen) vid t\u00e5get.<br \/>\nH\u00f6r och h\u00e4pna s\u00e5 kom t\u00e5get som det skulle!<br \/>\n13.00 m\u00f6ter vi ytterligare fyra personer, ett barn, sv\u00e4rdotter och tv\u00e5 barnbarn, p\u00e5 bowlinghallen!<br \/>\nNu \u00e4r hela familjen samlad och vi \u00e4ter lunch och sedan bowlar vi s\u00e5 mycket vi orkar, b\u00e5de vuxna och barn tillsammans.<\/p>\n<p>V\u00e4l hemma igen blir det vr\u00e5lfika!<br \/>\nFruktsallad, vaniljs\u00e5s, glass, annanaspaj, kolaformar, pepparkakor, flarn och sockerkaka!<\/p>\n<p>(Mamma, mormor, farmor och sv\u00e4rmor vill g\u00e4rna f\u00f6rs\u00f6ka f\u00e5 till n\u00e5got f\u00f6r alla smaker, n\u00e4r tid och ork infinner sig samtidig.)<\/p>\n<p>Alla smaskade och l\u00e4t sig v\u00e4l smaka!<\/p>\n<p>Fyra personer sov \u00f6ver hos grannen och resten hade ju redan inkvarterats h\u00e4r.<br \/>\nUnder f\u00f6rmiddagen i dag har kusinerna, barnbarnen, lekt ute i all sn\u00f6 som kommit ner under helgen. <\/p>\n<p>I v\u00e5rt lilla hus k\u00e4nns det r\u00e4tt fullt n\u00e4r alla \u00e4r hemma men ack s\u00e5 trevligt att tr\u00e4ffa alla samtidigt!<br \/>\nS\u00e5 tacksam f\u00f6r att vi sluppit ifr\u00e5n os\u00e4mja mellan barn, sv\u00e4gerskor och sv\u00e5grar, s\u00e5 att alla tycker det \u00e4r trevligt att tr\u00e4ffas tillsammans. <\/p>\n<p>Tack alla mina k\u00e4ra f\u00f6r en fin helg som f\u00f6rgylldes av er alla, b\u00e5de sm\u00e5 och stora!<\/p>\n","protected":false},"excerpt":{"rendered":"<p>Vilken helg! tv\u00e5 vuxna barn, sv\u00e4rdotter, tv\u00e5 barnbarn och tv\u00e5 hundar anl\u00e4nde under fredagskv\u00e4llen! Resorna, f\u00f6r alla inblandade, tog sin tid d\u00e5 det var sn\u00f6igt sp\u00e5rigt och h\u00e4r och d\u00e4r sm\u00e5tt stopp i trafiken. Tack och lov var det inga st\u00f6rre olyckor dom beh\u00f6vde passera. Under l\u00f6rdagen, straxt f\u00f6re lunch h\u00e4mtades yngsta barnet(ja, jag vet [&hellip;]<\/p>\n","protected":false},"author":1,"featured_media":0,"comment_status":"open","ping_status":"open","sticky":false,"template":"","format":"standard","meta":{"footnotes":""},"categories":[9],"tags":[],"class_list":["post-6402","post","type-post","status-publish","format-standard","hentry","category-livet"],"_links":{"self":[{"href":"https:\/\/eva.sundstrom.st\/index.php?rest_route=\/wp\/v2\/posts\/6402","targetHints":{"allow":["GET"]}}],"collection":[{"href":"https:\/\/eva.sundstrom.st\/index.php?rest_route=\/wp\/v2\/posts"}],"about":[{"href":"https:\/\/eva.sundstrom.st\/index.php?rest_route=\/wp\/v2\/types\/post"}],"author":[{"embeddable":true,"href":"https:\/\/eva.sundstrom.st\/index.php?rest_route=\/wp\/v2\/users\/1"}],"replies":[{"embeddable":true,"href":"https:\/\/eva.sundstrom.st\/index.php?rest_route=%2Fwp%2Fv2%2Fcomments&post=6402"}],"version-history":[{"count":1,"href":"https:\/\/eva.sundstrom.st\/index.php?rest_route=\/wp\/v2\/posts\/6402\/revisions"}],"predecessor-version":[{"id":6403,"href":"https:\/\/eva.sundstrom.st\/index.php?rest_route=\/wp\/v2\/posts\/6402\/revisions\/6403"}],"wp:attachment":[{"href":"https:\/\/eva.sundstrom.st\/index.php?rest_route=%2Fwp%2Fv2%2Fmedia&parent=6402"}],"wp:term":[{"taxonomy":"category","embeddable":true,"href":"https:\/\/eva.sundstrom.st\/index.php?rest_route=%2Fwp%2Fv2%2Fcategories&post=6402"},{"taxonomy":"post_tag","embeddable":true,"href":"https:\/\/eva.sundstrom.st\/index.php?rest_route=%2Fwp%2Fv2%2Ftags&post=6402"}],"curies":[{"name":"wp","href":"https:\/\/api.w.org\/{rel}","templated":true}]}}