{"id":652,"date":"2008-05-26T07:26:56","date_gmt":"2008-05-26T06:26:56","guid":{"rendered":"http:\/\/www.eva.sundstrom.st\/?p=652"},"modified":"2008-05-26T07:26:56","modified_gmt":"2008-05-26T06:26:56","slug":"ledig-formiddag","status":"publish","type":"post","link":"https:\/\/eva.sundstrom.st\/?p=652","title":{"rendered":"Ledig f"},"content":{"rendered":"<p>Och jag t\u00e4nkte avsluta v\u00e5r resa.<\/p>\n<p>B \u00e5kte ju hem till barn och barnbarn s\u00e5 vi skildes h\u00e4r.<\/p>\n<p>Jag tillbringade kv\u00e4llen med denna utsikt<\/p>\n<p><a href='http:\/\/www.eva.sundstrom.st\/wp-content\/upload\/dsc02333-small.JPG' title='dsc02333-small.JPG'><img src='http:\/\/www.eva.sundstrom.st\/wp-content\/upload\/dsc02333-small.JPG' alt='dsc02333-small.JPG' \/><\/a><\/p>\n<p>p\u00e5 altanen hos en v\u00e4n<\/p>\n<p><a href='http:\/\/www.eva.sundstrom.st\/wp-content\/upload\/dsc02338-small.JPG' title='dsc02338-small.JPG'><img src='http:\/\/www.eva.sundstrom.st\/wp-content\/upload\/dsc02338-small.JPG' alt='dsc02338-small.JPG' \/><\/a><\/p>\n<p>tillsammans med det glada g\u00e4ng som brukar tr\u00e4ffas p\u00e5 handarbetscaf\u00e9<\/p>\n<p><a href='http:\/\/www.eva.sundstrom.st\/wp-content\/upload\/dsc02342-small.JPG' title='dsc02342-small.JPG'><img src='http:\/\/www.eva.sundstrom.st\/wp-content\/upload\/dsc02342-small.JPG' alt='dsc02342-small.JPG' \/><\/a><\/p>\n<p>Vi fikade goda sm\u00f6rg\u00e5sar av f\u00e4rskt hembakat br\u00f6d. Handarbetade, pratade, skrattade och bara nj\u00f6t av utsikten \u00f6ver den spegelblanka sj\u00f6n.<br \/>\nDenna sommmarstuga \u00e4r en riktig oas.<\/p>\n<p>Tack I f\u00f6r att vi fick den kv\u00e4llen du vet att jag g\u00e4rna kommer tillbaka.<\/p>\n","protected":false},"excerpt":{"rendered":"<p>Och jag t\u00e4nkte avsluta v\u00e5r resa. B \u00e5kte ju hem till barn och barnbarn s\u00e5 vi skildes h\u00e4r. Jag tillbringade kv\u00e4llen med denna utsikt p\u00e5 altanen hos en v\u00e4n tillsammans med det glada g\u00e4ng som brukar tr\u00e4ffas p\u00e5 handarbetscaf\u00e9 Vi fikade goda sm\u00f6rg\u00e5sar av f\u00e4rskt hembakat br\u00f6d. Handarbetade, pratade, skrattade och bara nj\u00f6t av utsikten [&hellip;]<\/p>\n","protected":false},"author":1,"featured_media":0,"comment_status":"open","ping_status":"open","sticky":false,"template":"","format":"standard","meta":{"footnotes":""},"categories":[1],"tags":[],"class_list":["post-652","post","type-post","status-publish","format-standard","hentry","category-uncategorized"],"_links":{"self":[{"href":"https:\/\/eva.sundstrom.st\/index.php?rest_route=\/wp\/v2\/posts\/652","targetHints":{"allow":["GET"]}}],"collection":[{"href":"https:\/\/eva.sundstrom.st\/index.php?rest_route=\/wp\/v2\/posts"}],"about":[{"href":"https:\/\/eva.sundstrom.st\/index.php?rest_route=\/wp\/v2\/types\/post"}],"author":[{"embeddable":true,"href":"https:\/\/eva.sundstrom.st\/index.php?rest_route=\/wp\/v2\/users\/1"}],"replies":[{"embeddable":true,"href":"https:\/\/eva.sundstrom.st\/index.php?rest_route=%2Fwp%2Fv2%2Fcomments&post=652"}],"version-history":[{"count":0,"href":"https:\/\/eva.sundstrom.st\/index.php?rest_route=\/wp\/v2\/posts\/652\/revisions"}],"wp:attachment":[{"href":"https:\/\/eva.sundstrom.st\/index.php?rest_route=%2Fwp%2Fv2%2Fmedia&parent=652"}],"wp:term":[{"taxonomy":"category","embeddable":true,"href":"https:\/\/eva.sundstrom.st\/index.php?rest_route=%2Fwp%2Fv2%2Fcategories&post=652"},{"taxonomy":"post_tag","embeddable":true,"href":"https:\/\/eva.sundstrom.st\/index.php?rest_route=%2Fwp%2Fv2%2Ftags&post=652"}],"curies":[{"name":"wp","href":"https:\/\/api.w.org\/{rel}","templated":true}]}}