{"id":662,"date":"2008-06-07T09:55:21","date_gmt":"2008-06-07T08:55:21","guid":{"rendered":"http:\/\/www.eva.sundstrom.st\/?p=662"},"modified":"2008-06-07T09:55:21","modified_gmt":"2008-06-07T08:55:21","slug":"kvallspromenad-i-tradgarden","status":"publish","type":"post","link":"https:\/\/eva.sundstrom.st\/?p=662","title":{"rendered":"Kv"},"content":{"rendered":"<p>Nu \u00e4r det n\u00e5gra dagar sedan jag tog denna promenad. S\u00e4kert har det h\u00e4nt ytterligare saker.<br \/>\nDet \u00e4ndras hela tiden. En del b\u00f6rjar redan vissna. Gr\u00e4smattorna \u00e4r bruna.<br \/>\nMen sol och varmt har vi.<\/p>\n<p>F\u00f6rst ut blev mina hinkar. Nu st\u00e5r dom lite i afton skugga och samlade f\u00f6r att underl\u00e4tta  vattningen medan vi \u00e4r borta. Sedan ska dom placeras ut, utanf\u00f6r altanen.<\/p>\n<p><a href='http:\/\/www.eva.sundstrom.st\/wp-content\/upload\/dsc02424.jpg' title='dsc02424.jpg'><img src='http:\/\/www.eva.sundstrom.st\/wp-content\/upload\/dsc02424.jpg' alt='dsc02424.jpg' \/><\/a><\/p>\n<p>Detta \u00e4r den gula rosen jag fick av miniorer och f\u00f6r\u00e4ldrar f\u00f6rra \u00e5ret.<br \/>\nHar klippt bort flera blommor redan men nya knoppar kommer hela tiden.   <\/p>\n<p>   <a href='http:\/\/www.eva.sundstrom.st\/wp-content\/upload\/dsc02398.jpg' title='dsc02398.jpg'><img src='http:\/\/www.eva.sundstrom.st\/wp-content\/upload\/dsc02398.jpg' alt='dsc02398.jpg' \/><\/a><\/p>\n<p>Vallmon \u00e4r full med knoppar. Ska dom hinna sl\u00e5 ut lite innan vi \u00e5ker eller blommar den \u00f6ver medan vi \u00e4r borta? Den har ju ingen l\u00e5ng blommningstid.<\/p>\n<p><a href='http:\/\/www.eva.sundstrom.st\/wp-content\/upload\/dsc02414.jpg' title='dsc02414.jpg'><img src='http:\/\/www.eva.sundstrom.st\/wp-content\/upload\/dsc02414.jpg' alt='dsc02414.jpg' \/><\/a> <\/p>\n<p>   &#8221;Mammas bondpion&#8221; blommar.<\/p>\n<p><a href='http:\/\/www.eva.sundstrom.st\/wp-content\/upload\/dsc02413.jpg' title='dsc02413.jpg'><img src='http:\/\/www.eva.sundstrom.st\/wp-content\/upload\/dsc02413.jpg' alt='dsc02413.jpg' \/><\/a><\/p>\n<p><a href='http:\/\/www.eva.sundstrom.st\/wp-content\/upload\/dsc02411.jpg' title='dsc02411.jpg'><img src='http:\/\/www.eva.sundstrom.st\/wp-content\/upload\/dsc02411.jpg' alt='dsc02411.jpg' \/><\/a><\/p>\n<p>      \u00c4nn finns en dam i l\u00f6jtantens hj\u00e4rta och<\/p>\n<p>                                   den  gula Dagliljan sprider sin s\u00f6ta doft<\/p>\n<p><a href='http:\/\/www.eva.sundstrom.st\/wp-content\/upload\/dsc02416.jpg' title='dsc02416.jpg'><img src='http:\/\/www.eva.sundstrom.st\/wp-content\/upload\/dsc02416.jpg' alt='dsc02416.jpg' \/><\/a><\/p>\n<p>       Varje \u00e5r blir jag lika glad n\u00e4r Irisen sl\u00e5r ut. Tack S f\u00f6r den. <\/p>\n<p><a href='http:\/\/www.eva.sundstrom.st\/wp-content\/upload\/dsc02420.jpg' title='dsc02420.jpg'><img src='http:\/\/www.eva.sundstrom.st\/wp-content\/upload\/dsc02420.jpg' alt='dsc02420.jpg' \/><\/a><\/p>\n<p>Morsdagsrosen \u00e4r full med blommor<\/p>\n<p><a href='http:\/\/www.eva.sundstrom.st\/wp-content\/upload\/dsc02427.jpg' title='dsc02427.jpg'><img src='http:\/\/www.eva.sundstrom.st\/wp-content\/upload\/dsc02427.jpg' alt='dsc02427.jpg' \/><\/a><\/p>\n<p>Det m\u00e5ste vara tredje \u00e5ret den blommar. Blir man glad? Utan tvekan JA.<\/p>\n<p>I skogskanten sitter duvorna och kuttrar.<\/p>\n<p><a href='http:\/\/www.eva.sundstrom.st\/wp-content\/upload\/dsc02409.jpg' title='dsc02409.jpg'><img src='http:\/\/www.eva.sundstrom.st\/wp-content\/upload\/dsc02409.jpg' alt='dsc02409.jpg' \/><\/a><\/p>\n<p>Sita bilden \u00e4r en g\u00e4st som bjudit in sig sj\u00e4lv.<\/p>\n<p>Stor pch st\u00e5tlig \u00e4r den och ser ut att kunna bli \u00e4nnu st\u00f6rre.<\/p>\n<p><a href='http:\/\/www.eva.sundstrom.st\/wp-content\/upload\/dsc02421.jpg' title='dsc02421.jpg'><img src='http:\/\/www.eva.sundstrom.st\/wp-content\/upload\/dsc02421.jpg' alt='dsc02421.jpg' \/><\/a><\/p>\n<p>Vad m\u00e5nde bliva?<\/p>\n<p>Ni ser. Om man lugnar ner sig lite finns det s\u00e5 mycke att gl\u00e4djas \u00e5t.<\/p>\n<p>Nu \u00e4r semestern n\u00e4ra.<\/p>\n<p>Ha det gott .<\/p>\n","protected":false},"excerpt":{"rendered":"<p>Nu \u00e4r det n\u00e5gra dagar sedan jag tog denna promenad. S\u00e4kert har det h\u00e4nt ytterligare saker. Det \u00e4ndras hela tiden. En del b\u00f6rjar redan vissna. Gr\u00e4smattorna \u00e4r bruna. Men sol och varmt har vi. F\u00f6rst ut blev mina hinkar. Nu st\u00e5r dom lite i afton skugga och samlade f\u00f6r att underl\u00e4tta vattningen medan vi \u00e4r [&hellip;]<\/p>\n","protected":false},"author":1,"featured_media":0,"comment_status":"open","ping_status":"open","sticky":false,"template":"","format":"standard","meta":{"footnotes":""},"categories":[1],"tags":[],"class_list":["post-662","post","type-post","status-publish","format-standard","hentry","category-uncategorized"],"_links":{"self":[{"href":"https:\/\/eva.sundstrom.st\/index.php?rest_route=\/wp\/v2\/posts\/662","targetHints":{"allow":["GET"]}}],"collection":[{"href":"https:\/\/eva.sundstrom.st\/index.php?rest_route=\/wp\/v2\/posts"}],"about":[{"href":"https:\/\/eva.sundstrom.st\/index.php?rest_route=\/wp\/v2\/types\/post"}],"author":[{"embeddable":true,"href":"https:\/\/eva.sundstrom.st\/index.php?rest_route=\/wp\/v2\/users\/1"}],"replies":[{"embeddable":true,"href":"https:\/\/eva.sundstrom.st\/index.php?rest_route=%2Fwp%2Fv2%2Fcomments&post=662"}],"version-history":[{"count":0,"href":"https:\/\/eva.sundstrom.st\/index.php?rest_route=\/wp\/v2\/posts\/662\/revisions"}],"wp:attachment":[{"href":"https:\/\/eva.sundstrom.st\/index.php?rest_route=%2Fwp%2Fv2%2Fmedia&parent=662"}],"wp:term":[{"taxonomy":"category","embeddable":true,"href":"https:\/\/eva.sundstrom.st\/index.php?rest_route=%2Fwp%2Fv2%2Fcategories&post=662"},{"taxonomy":"post_tag","embeddable":true,"href":"https:\/\/eva.sundstrom.st\/index.php?rest_route=%2Fwp%2Fv2%2Ftags&post=662"}],"curies":[{"name":"wp","href":"https:\/\/api.w.org\/{rel}","templated":true}]}}