{"id":673,"date":"2008-06-17T20:53:19","date_gmt":"2008-06-17T19:53:19","guid":{"rendered":"http:\/\/www.eva.sundstrom.st\/?p=673"},"modified":"2008-06-17T20:53:19","modified_gmt":"2008-06-17T19:53:19","slug":"semestertider","status":"publish","type":"post","link":"https:\/\/eva.sundstrom.st\/?p=673","title":{"rendered":"Semestertider"},"content":{"rendered":"<p>Vi har \u00e4nnu en g\u00e5ng rest den l\u00e5nga v\u00e4gen till Norrland. <\/p>\n<p>Vi tog v\u00e4gen \u00f6ver H\u00f6gakustenbron.<\/p>\n<p><a href='http:\/\/www.eva.sundstrom.st\/wp-content\/upload\/dsc02499.jpg' title='dsc02499.jpg'><img src='http:\/\/www.eva.sundstrom.st\/wp-content\/upload\/dsc02499.jpg' alt='dsc02499.jpg' \/><\/a><\/p>\n<p>Den norrl\u00e4nska naturen \u00e4r s\u00e5 vacker.<\/p>\n<p><a href='http:\/\/www.eva.sundstrom.st\/wp-content\/upload\/dsc02513.jpg' title='dsc02513.jpg'><img src='http:\/\/www.eva.sundstrom.st\/wp-content\/upload\/dsc02513.jpg' alt='dsc02513.jpg' \/><\/a><\/p>\n<p>Alla dessa sm\u00e5 tj\u00e4rnar &#8230;<\/p>\n<p>Det blev inte s\u00e5 m\u00e5nga kort tagna under den h\u00e4r resan.<\/p>\n<p>Tog tv\u00e5 p\u00e5 Arjeplogs kyrka. Tornet kom dessv\u00e4rre inte med p\u00e5 n\u00e5got av dom.<\/p>\n<p><a href='http:\/\/www.eva.sundstrom.st\/wp-content\/upload\/dsc02518.jpg' title='dsc02518.jpg'><img src='http:\/\/www.eva.sundstrom.st\/wp-content\/upload\/dsc02518.jpg' alt='dsc02518.jpg' \/><\/a><\/p>\n<p>P\u00e5 v\u00e4gen hem stannade vi f\u00f6r kafferast vid Skuleberget<\/p>\n<p><a href='http:\/\/www.eva.sundstrom.st\/wp-content\/upload\/dsc02509.jpg' title='dsc02509.jpg'><img src='http:\/\/www.eva.sundstrom.st\/wp-content\/upload\/dsc02509.jpg' alt='dsc02509.jpg' \/><\/a><\/p>\n<p>D\u00e4r v\u00e4xte sm\u00f6rblommor, midsommarblomster och hundkex.<\/p>\n<p><a href='http:\/\/www.eva.sundstrom.st\/wp-content\/upload\/dsc02536.jpg' title='dsc02536.jpg'><img src='http:\/\/www.eva.sundstrom.st\/wp-content\/upload\/dsc02536.jpg' alt='dsc02536.jpg' \/><\/a><\/p>\n<p>Nu \u00e4r yngste sonen hemma f\u00f6r sommarlov och jag har flera veckor semester kvar.<br \/>\nHa det gott<\/p>\n","protected":false},"excerpt":{"rendered":"<p>Vi har \u00e4nnu en g\u00e5ng rest den l\u00e5nga v\u00e4gen till Norrland. Vi tog v\u00e4gen \u00f6ver H\u00f6gakustenbron. Den norrl\u00e4nska naturen \u00e4r s\u00e5 vacker. Alla dessa sm\u00e5 tj\u00e4rnar &#8230; Det blev inte s\u00e5 m\u00e5nga kort tagna under den h\u00e4r resan. Tog tv\u00e5 p\u00e5 Arjeplogs kyrka. Tornet kom dessv\u00e4rre inte med p\u00e5 n\u00e5got av dom. P\u00e5 v\u00e4gen hem [&hellip;]<\/p>\n","protected":false},"author":1,"featured_media":0,"comment_status":"open","ping_status":"open","sticky":false,"template":"","format":"standard","meta":{"footnotes":""},"categories":[1],"tags":[],"class_list":["post-673","post","type-post","status-publish","format-standard","hentry","category-uncategorized"],"_links":{"self":[{"href":"https:\/\/eva.sundstrom.st\/index.php?rest_route=\/wp\/v2\/posts\/673","targetHints":{"allow":["GET"]}}],"collection":[{"href":"https:\/\/eva.sundstrom.st\/index.php?rest_route=\/wp\/v2\/posts"}],"about":[{"href":"https:\/\/eva.sundstrom.st\/index.php?rest_route=\/wp\/v2\/types\/post"}],"author":[{"embeddable":true,"href":"https:\/\/eva.sundstrom.st\/index.php?rest_route=\/wp\/v2\/users\/1"}],"replies":[{"embeddable":true,"href":"https:\/\/eva.sundstrom.st\/index.php?rest_route=%2Fwp%2Fv2%2Fcomments&post=673"}],"version-history":[{"count":0,"href":"https:\/\/eva.sundstrom.st\/index.php?rest_route=\/wp\/v2\/posts\/673\/revisions"}],"wp:attachment":[{"href":"https:\/\/eva.sundstrom.st\/index.php?rest_route=%2Fwp%2Fv2%2Fmedia&parent=673"}],"wp:term":[{"taxonomy":"category","embeddable":true,"href":"https:\/\/eva.sundstrom.st\/index.php?rest_route=%2Fwp%2Fv2%2Fcategories&post=673"},{"taxonomy":"post_tag","embeddable":true,"href":"https:\/\/eva.sundstrom.st\/index.php?rest_route=%2Fwp%2Fv2%2Ftags&post=673"}],"curies":[{"name":"wp","href":"https:\/\/api.w.org\/{rel}","templated":true}]}}