{"id":6733,"date":"2019-08-03T12:25:02","date_gmt":"2019-08-03T11:25:02","guid":{"rendered":"http:\/\/www.eva.sundstrom.st\/?p=6733"},"modified":"2019-08-03T12:25:02","modified_gmt":"2019-08-03T11:25:02","slug":"stickade-en-kofta","status":"publish","type":"post","link":"https:\/\/eva.sundstrom.st\/?p=6733","title":{"rendered":"Stickade en kofta!"},"content":{"rendered":"<p>Ja, jag stickade en kofta med m\u00f6nster och flera f\u00e4rger till lilla barnbarst\u00f6sen!<\/p>\n<p>T\u00f6sen \u00e4r visst inte s\u00e5 liten l\u00e4ngre s\u00e5 koftan blev f\u00f6r liten! \ud83d\ude41 <\/p>\n<p>Skam den som ger sig.<\/p>\n<p>Vi f\u00f6ljdes \u00e5t till Garntorpet<br \/>\nHon valde m\u00f6nster och f\u00e4rg.<\/p>\n<p>Farmor k\u00f6pte garn och stickade.<\/p>\n<p>Provade n\u00e5gon g\u00e5ng under tiden f\u00f6r s\u00e4kerhets skull.<\/p>\n<p>Tr\u00e4ffades p\u00e5 stranden, <\/p>\n<p><a href=\"http:\/\/www.eva.sundstrom.st\/wp-content\/upload\/IMG_2393.jpg\"><img loading=\"lazy\" decoding=\"async\" src=\"http:\/\/www.eva.sundstrom.st\/wp-content\/upload\/IMG_2393.jpg\" alt=\"IMG_2393\" width=\"400\" height=\"384\" class=\"aligncenter size-full wp-image-6737\" srcset=\"https:\/\/eva.sundstrom.st\/wp-content\/upload\/IMG_2393.jpg 400w, https:\/\/eva.sundstrom.st\/wp-content\/upload\/IMG_2393-300x288.jpg 300w\" sizes=\"auto, (max-width: 400px) 100vw, 400px\" \/><\/a><\/p>\n<p>D\u00e4r tom farmor badade, <\/p>\n<p>och \u00f6verl\u00e4mnade den f\u00e4rdiga tr\u00f6jan!<\/p>\n<p><a href=\"http:\/\/www.eva.sundstrom.st\/wp-content\/upload\/IMG_2387.jpg\"><img loading=\"lazy\" decoding=\"async\" src=\"http:\/\/www.eva.sundstrom.st\/wp-content\/upload\/IMG_2387.jpg\" alt=\"Version 2\" width=\"400\" height=\"604\" class=\"aligncenter size-full wp-image-6735\" srcset=\"https:\/\/eva.sundstrom.st\/wp-content\/upload\/IMG_2387.jpg 400w, https:\/\/eva.sundstrom.st\/wp-content\/upload\/IMG_2387-198x300.jpg 198w\" sizes=\"auto, (max-width: 400px) 100vw, 400px\" \/><\/a><\/p>\n<p>Den passade och b\u00e4sta lilla E kan nog \u00e4ven v\u00e4xa lite till utan att den blir f\u00f6r liten!<\/p>\n<p>V\u00e4ldigt rolig stickning, \u00e4ven och det fick r\u00e4knas en del d\u00e5 m\u00f6nstret egentligen var en kn\u00e4ppkofta!<\/p>\n","protected":false},"excerpt":{"rendered":"<p>Ja, jag stickade en kofta med m\u00f6nster och flera f\u00e4rger till lilla barnbarst\u00f6sen! T\u00f6sen \u00e4r visst inte s\u00e5 liten l\u00e4ngre s\u00e5 koftan blev f\u00f6r liten! \ud83d\ude41 Skam den som ger sig. Vi f\u00f6ljdes \u00e5t till Garntorpet Hon valde m\u00f6nster och f\u00e4rg. Farmor k\u00f6pte garn och stickade. Provade n\u00e5gon g\u00e5ng under tiden f\u00f6r s\u00e4kerhets skull. Tr\u00e4ffades [&hellip;]<\/p>\n","protected":false},"author":1,"featured_media":0,"comment_status":"open","ping_status":"open","sticky":false,"template":"","format":"standard","meta":{"footnotes":""},"categories":[13,9],"tags":[],"class_list":["post-6733","post","type-post","status-publish","format-standard","hentry","category-hantverk","category-livet"],"_links":{"self":[{"href":"https:\/\/eva.sundstrom.st\/index.php?rest_route=\/wp\/v2\/posts\/6733","targetHints":{"allow":["GET"]}}],"collection":[{"href":"https:\/\/eva.sundstrom.st\/index.php?rest_route=\/wp\/v2\/posts"}],"about":[{"href":"https:\/\/eva.sundstrom.st\/index.php?rest_route=\/wp\/v2\/types\/post"}],"author":[{"embeddable":true,"href":"https:\/\/eva.sundstrom.st\/index.php?rest_route=\/wp\/v2\/users\/1"}],"replies":[{"embeddable":true,"href":"https:\/\/eva.sundstrom.st\/index.php?rest_route=%2Fwp%2Fv2%2Fcomments&post=6733"}],"version-history":[{"count":4,"href":"https:\/\/eva.sundstrom.st\/index.php?rest_route=\/wp\/v2\/posts\/6733\/revisions"}],"predecessor-version":[{"id":6740,"href":"https:\/\/eva.sundstrom.st\/index.php?rest_route=\/wp\/v2\/posts\/6733\/revisions\/6740"}],"wp:attachment":[{"href":"https:\/\/eva.sundstrom.st\/index.php?rest_route=%2Fwp%2Fv2%2Fmedia&parent=6733"}],"wp:term":[{"taxonomy":"category","embeddable":true,"href":"https:\/\/eva.sundstrom.st\/index.php?rest_route=%2Fwp%2Fv2%2Fcategories&post=6733"},{"taxonomy":"post_tag","embeddable":true,"href":"https:\/\/eva.sundstrom.st\/index.php?rest_route=%2Fwp%2Fv2%2Ftags&post=6733"}],"curies":[{"name":"wp","href":"https:\/\/api.w.org\/{rel}","templated":true}]}}