{"id":6773,"date":"2019-08-21T18:49:55","date_gmt":"2019-08-21T17:49:55","guid":{"rendered":"http:\/\/www.eva.sundstrom.st\/?p=6773"},"modified":"2019-08-21T18:49:55","modified_gmt":"2019-08-21T17:49:55","slug":"augusti-onsdag-den-21-2019","status":"publish","type":"post","link":"https:\/\/eva.sundstrom.st\/?p=6773","title":{"rendered":"Augusti, onsdag den 21 2019"},"content":{"rendered":"<p>Ibland g\u00e5r dagarna s\u00e5 fort att jag knappt hinner med!<br \/>\nF\u00f6r n\u00e5gon vecka sedan fl\u00f6rtade jag lite med symaskinen!<br \/>\nDet var l\u00e4ngesedan det h\u00e4nde! Men han var riktigt v\u00e4lvilligt inst\u00e4lld till min id\u00e9!<\/p>\n<p>K\u00f6pte m\u00f6nster och tyg p\u00e5 \u00c4lvsj\u00f6m\u00e4ssan och s\u00e5 blev det bara liggande! Nu ville jag testa hur m\u00f6nstret passade och letade fram ett gammalt avlagt p\u00e5slakan!<\/p>\n<p><a href=\"http:\/\/www.eva.sundstrom.st\/wp-content\/upload\/IMG_2585.jpg\"><img loading=\"lazy\" decoding=\"async\" src=\"http:\/\/www.eva.sundstrom.st\/wp-content\/upload\/IMG_2585.jpg\" alt=\"IMG_2585\" width=\"300\" height=\"430\" class=\"aligncenter size-full wp-image-6775\" srcset=\"https:\/\/eva.sundstrom.st\/wp-content\/upload\/IMG_2585.jpg 300w, https:\/\/eva.sundstrom.st\/wp-content\/upload\/IMG_2585-209x300.jpg 209w\" sizes=\"auto, (max-width: 300px) 100vw, 300px\" \/><\/a><\/p>\n<p>Jo d\u00e5, jag har anv\u00e4nt den h\u00e4r hemmavid! Riktigt sk\u00f6n \u00e4ven om jag ibland f\u00e5r k\u00e4nslan av att g\u00e5 runt i ett p\u00e5slakan! Jag vet ju att det har varit det!<\/p>\n<p>Innan jag syr i fintyget m\u00e5ste jag komma p\u00e5 hur jag f\u00e5r till den lite mindre vid i halsen! Annars bra!<\/p>\n<p>N\u00e4r jag \u00e4nd\u00e5 var ig\u00e5ng blev det en topp ocks\u00e5! \u00c4r nog egentligen ett gardin tyg men spela roll! Lite linnek\u00e4nsla i det s\u00e5 jag tror det blir bara sk\u00f6nare och sk\u00f6nare ju mer den anv\u00e4nds!<\/p>\n<p><a href=\"http:\/\/www.eva.sundstrom.st\/wp-content\/upload\/IMG_2485.jpg\"><img loading=\"lazy\" decoding=\"async\" src=\"http:\/\/www.eva.sundstrom.st\/wp-content\/upload\/IMG_2485.jpg\" alt=\"Version 2\" width=\"300\" height=\"331\" class=\"aligncenter size-full wp-image-6774\" srcset=\"https:\/\/eva.sundstrom.st\/wp-content\/upload\/IMG_2485.jpg 300w, https:\/\/eva.sundstrom.st\/wp-content\/upload\/IMG_2485-271x300.jpg 271w\" sizes=\"auto, (max-width: 300px) 100vw, 300px\" \/><\/a><\/p>\n<p>Dom sista dagarna har det annars varit mest ullhantering p\u00e5 programmet!<\/p>\n<p>F\u00f6rberedde lite n\u00e4stan vit ull nu i kv\u00e4ll<\/p>\n<p><a href=\"http:\/\/www.eva.sundstrom.st\/wp-content\/upload\/IMG_2587.jpg\"><img loading=\"lazy\" decoding=\"async\" src=\"http:\/\/www.eva.sundstrom.st\/wp-content\/upload\/IMG_2587.jpg\" alt=\"IMG_2587\" width=\"300\" height=\"196\" class=\"aligncenter size-full wp-image-6776\" \/><\/a><\/p>\n<p>L\u00e5nga fina lockar som jag kammar ut f\u00f6r att sedan k\u00f6ra i kardmaskinen!<\/p>\n<p><a href=\"http:\/\/www.eva.sundstrom.st\/wp-content\/upload\/IMG_2588.jpg\"><img loading=\"lazy\" decoding=\"async\" src=\"http:\/\/www.eva.sundstrom.st\/wp-content\/upload\/IMG_2588.jpg\" alt=\"IMG_2588\" width=\"300\" height=\"268\" class=\"aligncenter size-full wp-image-6777\" \/><\/a><\/p>\n","protected":false},"excerpt":{"rendered":"<p>Ibland g\u00e5r dagarna s\u00e5 fort att jag knappt hinner med! F\u00f6r n\u00e5gon vecka sedan fl\u00f6rtade jag lite med symaskinen! Det var l\u00e4ngesedan det h\u00e4nde! Men han var riktigt v\u00e4lvilligt inst\u00e4lld till min id\u00e9! K\u00f6pte m\u00f6nster och tyg p\u00e5 \u00c4lvsj\u00f6m\u00e4ssan och s\u00e5 blev det bara liggande! Nu ville jag testa hur m\u00f6nstret passade och letade fram [&hellip;]<\/p>\n","protected":false},"author":1,"featured_media":0,"comment_status":"open","ping_status":"open","sticky":false,"template":"","format":"standard","meta":{"footnotes":""},"categories":[13],"tags":[],"class_list":["post-6773","post","type-post","status-publish","format-standard","hentry","category-hantverk"],"_links":{"self":[{"href":"https:\/\/eva.sundstrom.st\/index.php?rest_route=\/wp\/v2\/posts\/6773","targetHints":{"allow":["GET"]}}],"collection":[{"href":"https:\/\/eva.sundstrom.st\/index.php?rest_route=\/wp\/v2\/posts"}],"about":[{"href":"https:\/\/eva.sundstrom.st\/index.php?rest_route=\/wp\/v2\/types\/post"}],"author":[{"embeddable":true,"href":"https:\/\/eva.sundstrom.st\/index.php?rest_route=\/wp\/v2\/users\/1"}],"replies":[{"embeddable":true,"href":"https:\/\/eva.sundstrom.st\/index.php?rest_route=%2Fwp%2Fv2%2Fcomments&post=6773"}],"version-history":[{"count":1,"href":"https:\/\/eva.sundstrom.st\/index.php?rest_route=\/wp\/v2\/posts\/6773\/revisions"}],"predecessor-version":[{"id":6778,"href":"https:\/\/eva.sundstrom.st\/index.php?rest_route=\/wp\/v2\/posts\/6773\/revisions\/6778"}],"wp:attachment":[{"href":"https:\/\/eva.sundstrom.st\/index.php?rest_route=%2Fwp%2Fv2%2Fmedia&parent=6773"}],"wp:term":[{"taxonomy":"category","embeddable":true,"href":"https:\/\/eva.sundstrom.st\/index.php?rest_route=%2Fwp%2Fv2%2Fcategories&post=6773"},{"taxonomy":"post_tag","embeddable":true,"href":"https:\/\/eva.sundstrom.st\/index.php?rest_route=%2Fwp%2Fv2%2Ftags&post=6773"}],"curies":[{"name":"wp","href":"https:\/\/api.w.org\/{rel}","templated":true}]}}