{"id":679,"date":"2008-06-18T17:41:42","date_gmt":"2008-06-18T16:41:42","guid":{"rendered":"http:\/\/www.eva.sundstrom.st\/?p=679"},"modified":"2008-06-18T17:41:42","modified_gmt":"2008-06-18T16:41:42","slug":"miniorlager-080613-16","status":"publish","type":"post","link":"https:\/\/eva.sundstrom.st\/?p=679","title":{"rendered":"Miniorl"},"content":{"rendered":"<p>Under m\u00e5nga \u00e5r har vi haft miniorl\u00e4ger vid H\u00f6gs\u00e5sen.<br \/>\nSkulle naturligtvis haft med ett kort p\u00e5 sj\u00e4lva huset men nu blev det inte s\u00e5.<\/p>\n<p>L\u00e4gret b\u00f6rjade p\u00e5 fredagskv\u00e4llen. <\/p>\n<p>Vi kom hem fr\u00e5n norrland d\u00e5 s\u00e5 jag ansl\u00f6t p\u00e5 l\u00f6rdag morgon. D\u00e5 var det full rulle. Alla uppe tidigt f\u00f6rsta dagen.<br \/>\nUnder fredags kv\u00e4llen  hade dessa tavlor tillverkats<\/p>\n<p><a href='http:\/\/www.eva.sundstrom.st\/wp-content\/upload\/dsc02562.jpg' title='dsc02562.jpg'><img src='http:\/\/www.eva.sundstrom.st\/wp-content\/upload\/dsc02562.jpg' alt='dsc02562.jpg' \/><\/a><\/p>\n<p> Varje tavla ett konstverk, skapad av enkla medel.<\/p>\n<p><a href='http:\/\/www.eva.sundstrom.st\/wp-content\/upload\/dsc02556-1.jpg' title='dsc02556-1.jpg'><img src='http:\/\/www.eva.sundstrom.st\/wp-content\/upload\/dsc02556-1.tumnagel.jpg' alt='dsc02556-1.jpg' \/><\/a>  <a href='http:\/\/www.eva.sundstrom.st\/wp-content\/upload\/dsc02556-2.jpg' title='dsc02556-2.jpg'><img src='http:\/\/www.eva.sundstrom.st\/wp-content\/upload\/dsc02556-2.tumnagel.jpg' alt='dsc02556-2.jpg' \/><\/a>  <a href='http:\/\/www.eva.sundstrom.st\/wp-content\/upload\/dsc02557-3.jpg' title='dsc02557-3.jpg'><img src='http:\/\/www.eva.sundstrom.st\/wp-content\/upload\/dsc02557-3.tumnagel.jpg' alt='dsc02557-3.jpg' \/><\/a>  <a href='http:\/\/www.eva.sundstrom.st\/wp-content\/upload\/dsc02557-4.jpg' title='dsc02557-4.jpg'><img src='http:\/\/www.eva.sundstrom.st\/wp-content\/upload\/dsc02557-4.tumnagel.jpg' alt='dsc02557-4.jpg' \/><\/a>  <a href='http:\/\/www.eva.sundstrom.st\/wp-content\/upload\/dsc02558-5.jpg' title='dsc02558-5.jpg'><img src='http:\/\/www.eva.sundstrom.st\/wp-content\/upload\/dsc02558-5.tumnagel.jpg' alt='dsc02558-5.jpg' \/><\/a>  <a href='http:\/\/www.eva.sundstrom.st\/wp-content\/upload\/dsc02561-6.jpg' title='dsc02561-6.jpg'><img src='http:\/\/www.eva.sundstrom.st\/wp-content\/upload\/dsc02561-6.tumnagel.jpg' alt='dsc02561-6.jpg' \/><\/a>  <a href='http:\/\/www.eva.sundstrom.st\/wp-content\/upload\/dsc02559-7.jpg' title='dsc02559-7.jpg'><img src='http:\/\/www.eva.sundstrom.st\/wp-content\/upload\/dsc02559-7.tumnagel.jpg' alt='dsc02559-7.jpg' \/><\/a>  <a href='http:\/\/www.eva.sundstrom.st\/wp-content\/upload\/dsc02559-8.jpg' title='dsc02559-8.jpg'><img src='http:\/\/www.eva.sundstrom.st\/wp-content\/upload\/dsc02559-8.tumnagel.jpg' alt='dsc02559-8.jpg' \/><\/a>  <a href='http:\/\/www.eva.sundstrom.st\/wp-content\/upload\/dsc02560.jpg' title='dsc02560.jpg'><img src='http:\/\/www.eva.sundstrom.st\/wp-content\/upload\/dsc02560.tumnagel.jpg' alt='dsc02560.jpg' \/><\/a> <\/p>\n<p>P\u00e5 l\u00f6rdag f\u00f6rmiddag kom tovningsn\u00e5lar ull och sm\u00e5 pennfodral fram.<\/p>\n<p>En stor portion skaparlust och kreativitet infann sig ocks\u00e5 och h\u00e4r \u00e4r resultatet.<\/p>\n<p><a href='http:\/\/www.eva.sundstrom.st\/wp-content\/upload\/dsc02563.jpg' title='dsc02563.jpg'><img src='http:\/\/www.eva.sundstrom.st\/wp-content\/upload\/dsc02563.jpg' alt='dsc02563.jpg' \/><\/a><\/p>\n<p>P\u00e5 eftermiddagen blev det tippspromenad till sj\u00f6n.<br \/>\nD\u00e4r v\u00e4ntade bad och lite fika innan vi vandrade tillbaka igen.<\/p>\n<p>Under sena eftermiddagen plockades skaparlusten fram igen  plus penslar, f\u00e4rg och tallrikar.<\/p>\n<p><a href='http:\/\/www.eva.sundstrom.st\/wp-content\/upload\/dsc02575.jpg' title='dsc02575.jpg'><img src='http:\/\/www.eva.sundstrom.st\/wp-content\/upload\/dsc02575.jpg' alt='dsc02575.jpg' \/><\/a><\/p>\n<p><a href='http:\/\/www.eva.sundstrom.st\/wp-content\/upload\/dsc02578.jpg' title='dsc02578.jpg'><img src='http:\/\/www.eva.sundstrom.st\/wp-content\/upload\/dsc02578.jpg' alt='dsc02578.jpg' \/><\/a><\/p>\n<p>Det finns m\u00e5nga konstn\u00e4rer i Finner\u00f6dja.<\/p>\n<p>Vid toaletten v\u00e4xte vackra Digitalis<\/p>\n<p><a href='http:\/\/www.eva.sundstrom.st\/wp-content\/upload\/dsc02568.jpg' title='dsc02568.jpg'><img src='http:\/\/www.eva.sundstrom.st\/wp-content\/upload\/dsc02568.jpg' alt='dsc02568.jpg' \/><\/a><\/p>\n<p>Och d\u00e4r bakom finns f\u00e5rhagen<\/p>\n<p><a href='http:\/\/www.eva.sundstrom.st\/wp-content\/upload\/dsc02586.jpg' title='dsc02586.jpg'><img src='http:\/\/www.eva.sundstrom.st\/wp-content\/upload\/dsc02586.jpg' alt='dsc02586.jpg' \/><\/a><\/p>\n<p>Det blev en, f\u00f6r att vara l\u00e4ger, tidig l\u00f6rdagskv\u00e4ll.<br \/>\n\u00c4ven s\u00f6ndagmorron andades lugn.<\/p>\n<p><a href='http:\/\/www.eva.sundstrom.st\/wp-content\/upload\/dsc02565.jpg' title='dsc02565.jpg'><img src='http:\/\/www.eva.sundstrom.st\/wp-content\/upload\/dsc02565.jpg' alt='dsc02565.jpg' \/><\/a><\/p>\n<p>H\u00e4r ses utsikten fr\u00e5n berget d\u00e4r vi brukar ha morgonb\u00f6n<\/p>\n<p><a href='http:\/\/www.eva.sundstrom.st\/wp-content\/upload\/dsc02582.jpg' title='dsc02582.jpg'><img src='http:\/\/www.eva.sundstrom.st\/wp-content\/upload\/dsc02582.jpg' alt='dsc02582.jpg' \/><\/a><\/p>\n<p>Fr\u00e5n aktiviteterna p\u00e5 s\u00f6ndagen f\u00e5ngades blommorna som plockats och satts i burkar som kl\u00e4tts med papper i alla regnb\u00e5gens f\u00e4rger.<\/p>\n<p>Detta var v\u00e5r altardekoration<\/p>\n<p><a href='http:\/\/www.eva.sundstrom.st\/wp-content\/upload\/dsc02594.jpg' title='dsc02594.jpg'><img src='http:\/\/www.eva.sundstrom.st\/wp-content\/upload\/dsc02594.jpg' alt='dsc02594.jpg' \/><\/a><\/p>\n<p>Sj\u00e4lva altartavlan utgjordes av naturen utanf\u00f6r f\u00f6nstret<\/p>\n<p><a href='http:\/\/www.eva.sundstrom.st\/wp-content\/upload\/dsc02595.jpg' title='dsc02595.jpg'><img src='http:\/\/www.eva.sundstrom.st\/wp-content\/upload\/dsc02595.jpg' alt='dsc02595.jpg' \/><\/a><\/p>\n<p>B\u00e5ten fanns fr\u00e5n ett tidigare tillf\u00e4lle och har inte tillverkats av miniorer.<br \/>\nDen passade \u00e4nd\u00e5 bra in i bilden d\u00e5 Noas Ark f\u00f6rekommit fr\u00e5n och till under v\u00e5ren.<\/p>\n<p>Semestra lungt<\/p>\n","protected":false},"excerpt":{"rendered":"<p>Under m\u00e5nga \u00e5r har vi haft miniorl\u00e4ger vid H\u00f6gs\u00e5sen. Skulle naturligtvis haft med ett kort p\u00e5 sj\u00e4lva huset men nu blev det inte s\u00e5. L\u00e4gret b\u00f6rjade p\u00e5 fredagskv\u00e4llen. Vi kom hem fr\u00e5n norrland d\u00e5 s\u00e5 jag ansl\u00f6t p\u00e5 l\u00f6rdag morgon. D\u00e5 var det full rulle. Alla uppe tidigt f\u00f6rsta dagen. Under fredags kv\u00e4llen hade dessa [&hellip;]<\/p>\n","protected":false},"author":1,"featured_media":0,"comment_status":"open","ping_status":"open","sticky":false,"template":"","format":"standard","meta":{"footnotes":""},"categories":[1],"tags":[],"class_list":["post-679","post","type-post","status-publish","format-standard","hentry","category-uncategorized"],"_links":{"self":[{"href":"https:\/\/eva.sundstrom.st\/index.php?rest_route=\/wp\/v2\/posts\/679","targetHints":{"allow":["GET"]}}],"collection":[{"href":"https:\/\/eva.sundstrom.st\/index.php?rest_route=\/wp\/v2\/posts"}],"about":[{"href":"https:\/\/eva.sundstrom.st\/index.php?rest_route=\/wp\/v2\/types\/post"}],"author":[{"embeddable":true,"href":"https:\/\/eva.sundstrom.st\/index.php?rest_route=\/wp\/v2\/users\/1"}],"replies":[{"embeddable":true,"href":"https:\/\/eva.sundstrom.st\/index.php?rest_route=%2Fwp%2Fv2%2Fcomments&post=679"}],"version-history":[{"count":0,"href":"https:\/\/eva.sundstrom.st\/index.php?rest_route=\/wp\/v2\/posts\/679\/revisions"}],"wp:attachment":[{"href":"https:\/\/eva.sundstrom.st\/index.php?rest_route=%2Fwp%2Fv2%2Fmedia&parent=679"}],"wp:term":[{"taxonomy":"category","embeddable":true,"href":"https:\/\/eva.sundstrom.st\/index.php?rest_route=%2Fwp%2Fv2%2Fcategories&post=679"},{"taxonomy":"post_tag","embeddable":true,"href":"https:\/\/eva.sundstrom.st\/index.php?rest_route=%2Fwp%2Fv2%2Ftags&post=679"}],"curies":[{"name":"wp","href":"https:\/\/api.w.org\/{rel}","templated":true}]}}