{"id":6801,"date":"2019-09-05T19:25:30","date_gmt":"2019-09-05T18:25:30","guid":{"rendered":"http:\/\/www.eva.sundstrom.st\/?p=6801"},"modified":"2019-09-09T18:01:43","modified_gmt":"2019-09-09T17:01:43","slug":"v-36-2-59-2019","status":"publish","type":"post","link":"https:\/\/eva.sundstrom.st\/?p=6801","title":{"rendered":"V. 36  2-5\/9 2019"},"content":{"rendered":"<p>Ok. Hade t\u00e4nkt samla veckans dagar till ett inl\u00e4gg.<br \/>\nSom en dagbok.<br \/>\nM\u00e4rker nu att det blir ett v\u00e4ldigt l\u00e5ngt inl\u00e4gg s\u00e5 det blir bara fyra dagar!<\/p>\n<p><strong>M\u00e5ndag:<\/strong><br \/>\nKollar in p\u00e5 bloggen och ser att jag haft 7 bes\u00f6kare!<br \/>\nInga nya kommentarer.<br \/>\nKan vara s\u00e5 att man blev besviken och inte tyckte om det man s\u00e5g.<br \/>\nAtt man tycker det \u00e4r f\u00f6r b\u00f6kigt, vet inte vad man ska skriva! M\u00e5 vara hur det vill med den saken.<br \/>\nJag brukar s\u00e4ga att det r\u00e4cker med ett hej!<br \/>\nI dag hade n\u00e5gon tittat p\u00e5 V 14. <\/p>\n<p>Tar en tillbakablick f\u00f6r att se vad som h\u00e4nde d\u00e5!<br \/>\nV\u00e5r var det!<br \/>\n\u00c5r 2017 var det.<br \/>\nIbland t\u00e4nker jag sluta med bloggandet.<br \/>\nN\u00e4r man sedan ser tillbaka v\u00e4cks m\u00e5nga minnen till liv och, nej jag slutar inte. Inte \u00e4nnu i alla fall!<\/p>\n<p>I dag har jag tvinnat strumpegarn!<\/p>\n<p><a href=\"http:\/\/www.eva.sundstrom.st\/wp-content\/upload\/IMG_2653.jpg\"><img loading=\"lazy\" decoding=\"async\" src=\"http:\/\/www.eva.sundstrom.st\/wp-content\/upload\/IMG_2653.jpg\" alt=\"IMG_2653\" width=\"544\" height=\"350\" class=\"aligncenter size-full wp-image-6805\" srcset=\"https:\/\/eva.sundstrom.st\/wp-content\/upload\/IMG_2653.jpg 544w, https:\/\/eva.sundstrom.st\/wp-content\/upload\/IMG_2653-300x193.jpg 300w\" sizes=\"auto, (max-width: 544px) 100vw, 544px\" \/><\/a><\/p>\n<p><strong>Tisdag:<\/strong><br \/>\nI dag \u00e4r det \u00f6msom sol \u00f6msom regn! Faktiskt riktigt svalt. Lite h\u00f6stluft!<br \/>\nHar h\u00e4rvat upp det garn jag tvinnade i g\u00e5r.<\/p>\n<p><a href=\"http:\/\/www.eva.sundstrom.st\/wp-content\/upload\/IMG_2655.jpg\"><img loading=\"lazy\" decoding=\"async\" src=\"http:\/\/www.eva.sundstrom.st\/wp-content\/upload\/IMG_2655.jpg\" alt=\"IMG_2655\" width=\"200\" height=\"423\" class=\"aligncenter size-full wp-image-6814\" \/><\/a><\/p>\n<p>Tvinnat den sista merinoullen jag hade.<\/p>\n<p><a href=\"http:\/\/www.eva.sundstrom.st\/wp-content\/upload\/IMG_2654.jpg\"><img loading=\"lazy\" decoding=\"async\" src=\"http:\/\/www.eva.sundstrom.st\/wp-content\/upload\/IMG_2654.jpg\" alt=\"IMG_2654\" width=\"386\" height=\"300\" class=\"aligncenter size-full wp-image-6813\" srcset=\"https:\/\/eva.sundstrom.st\/wp-content\/upload\/IMG_2654.jpg 386w, https:\/\/eva.sundstrom.st\/wp-content\/upload\/IMG_2654-300x233.jpg 300w\" sizes=\"auto, (max-width: 386px) 100vw, 386px\" \/><\/a><\/p>\n<p>Dom fina lockarna fr\u00e5n angoraget som jag f\u00e5tt av fina v\u00e4nnen Christina Holmstrand!<br \/>\nDet blev bara ett bes\u00f6k hos henne men det bes\u00f6ket gl\u00f6mmer jag aldrig! S\u00e5 mycket som vi hann med att ventilera. Ale vikingamarknad, den lilla kyrkan hon visade mig och hennes g\u00e4stfrihet!<\/p>\n<p><a href=\"http:\/\/www.eva.sundstrom.st\/wp-content\/upload\/DSC09361-001.jpg\"><img loading=\"lazy\" decoding=\"async\" src=\"http:\/\/www.eva.sundstrom.st\/wp-content\/upload\/DSC09361-001.jpg\" alt=\"DSC09361-001\" width=\"615\" height=\"461\" class=\"aligncenter size-full wp-image-4230\" srcset=\"https:\/\/eva.sundstrom.st\/wp-content\/upload\/DSC09361-001.jpg 615w, https:\/\/eva.sundstrom.st\/wp-content\/upload\/DSC09361-001-300x224.jpg 300w\" sizes=\"auto, (max-width: 615px) 100vw, 615px\" \/><\/a><\/p>\n<p>Tror du har det bra och sm\u00e4rtfritt nu Christina.<\/p>\n<p>H\u00e4rvade upp det ocks\u00e5 medan jag \u00e4nd\u00e5 var i farten!<\/p>\n<p><a href=\"http:\/\/www.eva.sundstrom.st\/wp-content\/upload\/IMG_2656.jpg\"><img loading=\"lazy\" decoding=\"async\" src=\"http:\/\/www.eva.sundstrom.st\/wp-content\/upload\/IMG_2656.jpg\" alt=\"IMG_2656\" width=\"200\" height=\"319\" class=\"aligncenter size-full wp-image-6815\" srcset=\"https:\/\/eva.sundstrom.st\/wp-content\/upload\/IMG_2656.jpg 200w, https:\/\/eva.sundstrom.st\/wp-content\/upload\/IMG_2656-188x300.jpg 188w\" sizes=\"auto, (max-width: 200px) 100vw, 200px\" \/><\/a><\/p>\n<p><strong>Onsdag:<\/strong><\/p>\n<p>Dagen b\u00f6rjade med solsken som \u00f6vergick i regn.<br \/>\nKardade tv\u00e5 kardflor d\u00e4r jag blandade i lite alpackaull som jag hittade!<\/p>\n<p><a href=\"http:\/\/www.eva.sundstrom.st\/wp-content\/upload\/IMG_2665.jpg\"><img loading=\"lazy\" decoding=\"async\" src=\"http:\/\/www.eva.sundstrom.st\/wp-content\/upload\/IMG_2665.jpg\" alt=\"IMG_2665\" width=\"350\" height=\"322\" class=\"aligncenter size-full wp-image-6827\" srcset=\"https:\/\/eva.sundstrom.st\/wp-content\/upload\/IMG_2665.jpg 350w, https:\/\/eva.sundstrom.st\/wp-content\/upload\/IMG_2665-300x276.jpg 300w\" sizes=\"auto, (max-width: 350px) 100vw, 350px\" \/><\/a><\/p>\n<p>Avslutade dagen med h\u00f6stterminens f\u00f6rsta hantverkscaf\u00e9 i f\u00f6rsamlingshemmet.<br \/>\nSex glada stickare och tre lika glada spinnare,varav en var helt nyb\u00f6rjare!<br \/>\nHoppas vi alla, g\u00e4rna n\u00e5gra till, ses igen om tv\u00e5 veckor!<br \/>\nGod natt!<\/p>\n<p><strong>Torsdag:<\/strong><\/p>\n<p>Sol och regn om vartannat<br \/>\nRensade lite i tr\u00e4dg\u00e5rden och det blev en skottk\u00e4rra skr\u00e4p till komposten.<\/p>\n<p><a href=\"http:\/\/www.eva.sundstrom.st\/wp-content\/upload\/IMG_2663.jpg\"><img loading=\"lazy\" decoding=\"async\" src=\"http:\/\/www.eva.sundstrom.st\/wp-content\/upload\/IMG_2663.jpg\" alt=\"IMG_2663\" width=\"200\" height=\"238\" class=\"alignleft size-full wp-image-6825\" \/><\/a><\/p>\n<p><a href=\"http:\/\/www.eva.sundstrom.st\/wp-content\/upload\/IMG_2664.jpg\"><img loading=\"lazy\" decoding=\"async\" src=\"http:\/\/www.eva.sundstrom.st\/wp-content\/upload\/IMG_2664.jpg\" alt=\"IMG_2664\" width=\"200\" height=\"236\" class=\"alignright size-full wp-image-6826\" \/><\/a><\/p>\n<p>Njutit av rosen som jag,<br \/>\ntidigare i sommar,<br \/>\nvar r\u00e4dd skulle d\u00f6<br \/>\nf\u00f6r mig!<\/p>\n<p>N\u00e5gra sm\u00e5,ot\u00e4cka gr\u00f6na larver, k\u00e4kade upp vartenda blad!<\/p>\n<p>Det var bara stj\u00e4lkarna kvar. <\/p>\n<p>Duschade med s\u00e5pvatten och bytte lite jord. <\/p>\n<p>Som tack har jag f\u00e5tt nya fina blommor!<\/p>\n<p>En stund vid spinnrocken ocks\u00e5.<\/p>\n<p><a href=\"http:\/\/www.eva.sundstrom.st\/wp-content\/upload\/IMG_2668.jpg\"><img loading=\"lazy\" decoding=\"async\" src=\"http:\/\/www.eva.sundstrom.st\/wp-content\/upload\/IMG_2668.jpg\" alt=\"IMG_2668\" width=\"300\" height=\"191\" class=\"aligncenter size-full wp-image-6829\" \/><\/a><\/p>\n<p>Spann klart det jag p\u00e5b\u00f6rjade i g\u00e5r kv\u00e4ll! <\/p>\n","protected":false},"excerpt":{"rendered":"<p>Ok. Hade t\u00e4nkt samla veckans dagar till ett inl\u00e4gg. Som en dagbok. M\u00e4rker nu att det blir ett v\u00e4ldigt l\u00e5ngt inl\u00e4gg s\u00e5 det blir bara fyra dagar! M\u00e5ndag: Kollar in p\u00e5 bloggen och ser att jag haft 7 bes\u00f6kare! Inga nya kommentarer. Kan vara s\u00e5 att man blev besviken och inte tyckte om det man [&hellip;]<\/p>\n","protected":false},"author":1,"featured_media":0,"comment_status":"open","ping_status":"open","sticky":false,"template":"","format":"standard","meta":{"footnotes":""},"categories":[4,13,1],"tags":[],"class_list":["post-6801","post","type-post","status-publish","format-standard","hentry","category-allmant","category-hantverk","category-uncategorized"],"_links":{"self":[{"href":"https:\/\/eva.sundstrom.st\/index.php?rest_route=\/wp\/v2\/posts\/6801","targetHints":{"allow":["GET"]}}],"collection":[{"href":"https:\/\/eva.sundstrom.st\/index.php?rest_route=\/wp\/v2\/posts"}],"about":[{"href":"https:\/\/eva.sundstrom.st\/index.php?rest_route=\/wp\/v2\/types\/post"}],"author":[{"embeddable":true,"href":"https:\/\/eva.sundstrom.st\/index.php?rest_route=\/wp\/v2\/users\/1"}],"replies":[{"embeddable":true,"href":"https:\/\/eva.sundstrom.st\/index.php?rest_route=%2Fwp%2Fv2%2Fcomments&post=6801"}],"version-history":[{"count":25,"href":"https:\/\/eva.sundstrom.st\/index.php?rest_route=\/wp\/v2\/posts\/6801\/revisions"}],"predecessor-version":[{"id":6857,"href":"https:\/\/eva.sundstrom.st\/index.php?rest_route=\/wp\/v2\/posts\/6801\/revisions\/6857"}],"wp:attachment":[{"href":"https:\/\/eva.sundstrom.st\/index.php?rest_route=%2Fwp%2Fv2%2Fmedia&parent=6801"}],"wp:term":[{"taxonomy":"category","embeddable":true,"href":"https:\/\/eva.sundstrom.st\/index.php?rest_route=%2Fwp%2Fv2%2Fcategories&post=6801"},{"taxonomy":"post_tag","embeddable":true,"href":"https:\/\/eva.sundstrom.st\/index.php?rest_route=%2Fwp%2Fv2%2Ftags&post=6801"}],"curies":[{"name":"wp","href":"https:\/\/api.w.org\/{rel}","templated":true}]}}