{"id":6842,"date":"2019-09-08T17:37:30","date_gmt":"2019-09-08T16:37:30","guid":{"rendered":"http:\/\/www.eva.sundstrom.st\/?p=6842"},"modified":"2019-09-08T17:39:08","modified_gmt":"2019-09-08T16:39:08","slug":"v-36-6-89-2019","status":"publish","type":"post","link":"https:\/\/eva.sundstrom.st\/?p=6842","title":{"rendered":"V.36 6-8\/9 2019"},"content":{"rendered":"<p>Tv\u00e4ttmaskinen fyllts och t\u00f6mts n\u00e5gra g\u00e5nger.<\/p>\n<p>Fredagsst\u00e4det gjordes undan s\u00e5 det gick f\u00f6r sig att f\u00e5 lite kaffe mitt p\u00e5 dagen!<\/p>\n<p>Cyklade till frissan som trimmade luggen p\u00e5 mig och jag l\u00e5nade en bok!<br \/>\nN\u00e4r jag cyklade hem igen regnade det som det f\u00f6r \u00f6vrigt gjort fram och tillbaka resten av dagen.<br \/>\nStickat lite.<br \/>\nK\u00e4nns som en latdag!<br \/>\nHa det gott!<\/p>\n<p><strong>L\u00f6rdag:<br \/>\n<\/strong><br \/>\nI dag firades farmors fina lilla E!<br \/>\nLiten och liten kan ju diskuteras!<br \/>\nFyller man 9 \u00e5r \u00e4r man inte s\u00e5 v\u00e4ldigt liten l\u00e4ngre.<br \/>\nDen verkliga presenten har hon ju redan <a href=\"http:\/\/wp.me\/p98u6-1KB\">f\u00e5tt<\/a><br \/>\nmen i dag var det kalas!<\/p>\n<p>Favoritmat s\u00e5 klar!<\/p>\n<p><a href=\"http:\/\/www.eva.sundstrom.st\/wp-content\/upload\/IMG_2675.jpg\"><img loading=\"lazy\" decoding=\"async\" src=\"http:\/\/www.eva.sundstrom.st\/wp-content\/upload\/IMG_2675.jpg\" alt=\"IMG_2675\" width=\"250\" height=\"232\" class=\"aligncenter size-full wp-image-6848\" \/><\/a><\/p>\n<p>Och t\u00e5rta som fr\u00f6ken sj\u00e4lv garnerade<\/p>\n<p><a href=\"http:\/\/www.eva.sundstrom.st\/wp-content\/upload\/IMG_2671.jpg\"><img loading=\"lazy\" decoding=\"async\" src=\"http:\/\/www.eva.sundstrom.st\/wp-content\/upload\/IMG_2671.jpg\" alt=\"IMG_2671\" width=\"300\" height=\"400\" class=\"aligncenter size-full wp-image-6847\" srcset=\"https:\/\/eva.sundstrom.st\/wp-content\/upload\/IMG_2671.jpg 300w, https:\/\/eva.sundstrom.st\/wp-content\/upload\/IMG_2671-225x300.jpg 225w\" sizes=\"auto, (max-width: 300px) 100vw, 300px\" \/><\/a><\/p>\n<p>Fin blev den <\/p>\n<p><a href=\"http:\/\/www.eva.sundstrom.st\/wp-content\/upload\/IMG_2677.jpg\"><img loading=\"lazy\" decoding=\"async\" src=\"http:\/\/www.eva.sundstrom.st\/wp-content\/upload\/IMG_2677.jpg\" alt=\"IMG_2677\" width=\"350\" height=\"344\" class=\"aligncenter size-full wp-image-6849\" srcset=\"https:\/\/eva.sundstrom.st\/wp-content\/upload\/IMG_2677.jpg 350w, https:\/\/eva.sundstrom.st\/wp-content\/upload\/IMG_2677-300x294.jpg 300w\" sizes=\"auto, (max-width: 350px) 100vw, 350px\" \/><\/a><br \/>\noch \u00e4nnu finare med ljus<\/p>\n<p><a href=\"http:\/\/www.eva.sundstrom.st\/wp-content\/upload\/IMG_2679.jpg\"><img loading=\"lazy\" decoding=\"async\" src=\"http:\/\/www.eva.sundstrom.st\/wp-content\/upload\/IMG_2679.jpg\" alt=\"IMG_2679\" width=\"350\" height=\"379\" class=\"aligncenter size-full wp-image-6850\" srcset=\"https:\/\/eva.sundstrom.st\/wp-content\/upload\/IMG_2679.jpg 350w, https:\/\/eva.sundstrom.st\/wp-content\/upload\/IMG_2679-277x300.jpg 277w\" sizes=\"auto, (max-width: 350px) 100vw, 350px\" \/><\/a><\/p>\n<p>Gott smakade det!<br \/>\nS\u00e5 v\u00e4rdefullt att som farmor f\u00e5 vara med och dela f\u00f6delsedagar och se hur dessa sm\u00e5 under v\u00e4xer och utvecklas!<\/p>\n<p><strong>S\u00f6ndag:<\/strong><\/p>\n<p>S\u00f6ndag ska ju vara vilodag och i dag har det varit lugnt!<\/p>\n<p>Har bara stickat n\u00e5got varv p\u00e5 en kofta <\/p>\n<p><a href=\"http:\/\/www.eva.sundstrom.st\/wp-content\/upload\/IMG_2685.jpg\"><img loading=\"lazy\" decoding=\"async\" src=\"http:\/\/www.eva.sundstrom.st\/wp-content\/upload\/IMG_2685.jpg\" alt=\"IMG_2685\" width=\"250\" height=\"279\" class=\"aligncenter size-full wp-image-6851\" \/><\/a><\/p>\n<p>M\u00f6nstret taget ur f\u00f6rsta numret Stickat och s\u00e5nt!<\/p>\n<p><a href=\"http:\/\/www.eva.sundstrom.st\/wp-content\/upload\/IMG_2686.jpg\"><img loading=\"lazy\" decoding=\"async\" src=\"http:\/\/www.eva.sundstrom.st\/wp-content\/upload\/IMG_2686.jpg\" alt=\"IMG_2686\" width=\"250\" height=\"327\" class=\"aligncenter size-full wp-image-6852\" srcset=\"https:\/\/eva.sundstrom.st\/wp-content\/upload\/IMG_2686.jpg 250w, https:\/\/eva.sundstrom.st\/wp-content\/upload\/IMG_2686-229x300.jpg 229w\" sizes=\"auto, (max-width: 250px) 100vw, 250px\" \/><\/a><\/p>\n","protected":false},"excerpt":{"rendered":"<p>Tv\u00e4ttmaskinen fyllts och t\u00f6mts n\u00e5gra g\u00e5nger. Fredagsst\u00e4det gjordes undan s\u00e5 det gick f\u00f6r sig att f\u00e5 lite kaffe mitt p\u00e5 dagen! Cyklade till frissan som trimmade luggen p\u00e5 mig och jag l\u00e5nade en bok! N\u00e4r jag cyklade hem igen regnade det som det f\u00f6r \u00f6vrigt gjort fram och tillbaka resten av dagen. Stickat lite. K\u00e4nns [&hellip;]<\/p>\n","protected":false},"author":1,"featured_media":0,"comment_status":"open","ping_status":"open","sticky":false,"template":"","format":"standard","meta":{"footnotes":""},"categories":[4,9],"tags":[],"class_list":["post-6842","post","type-post","status-publish","format-standard","hentry","category-allmant","category-livet"],"_links":{"self":[{"href":"https:\/\/eva.sundstrom.st\/index.php?rest_route=\/wp\/v2\/posts\/6842","targetHints":{"allow":["GET"]}}],"collection":[{"href":"https:\/\/eva.sundstrom.st\/index.php?rest_route=\/wp\/v2\/posts"}],"about":[{"href":"https:\/\/eva.sundstrom.st\/index.php?rest_route=\/wp\/v2\/types\/post"}],"author":[{"embeddable":true,"href":"https:\/\/eva.sundstrom.st\/index.php?rest_route=\/wp\/v2\/users\/1"}],"replies":[{"embeddable":true,"href":"https:\/\/eva.sundstrom.st\/index.php?rest_route=%2Fwp%2Fv2%2Fcomments&post=6842"}],"version-history":[{"count":8,"href":"https:\/\/eva.sundstrom.st\/index.php?rest_route=\/wp\/v2\/posts\/6842\/revisions"}],"predecessor-version":[{"id":6856,"href":"https:\/\/eva.sundstrom.st\/index.php?rest_route=\/wp\/v2\/posts\/6842\/revisions\/6856"}],"wp:attachment":[{"href":"https:\/\/eva.sundstrom.st\/index.php?rest_route=%2Fwp%2Fv2%2Fmedia&parent=6842"}],"wp:term":[{"taxonomy":"category","embeddable":true,"href":"https:\/\/eva.sundstrom.st\/index.php?rest_route=%2Fwp%2Fv2%2Fcategories&post=6842"},{"taxonomy":"post_tag","embeddable":true,"href":"https:\/\/eva.sundstrom.st\/index.php?rest_route=%2Fwp%2Fv2%2Ftags&post=6842"}],"curies":[{"name":"wp","href":"https:\/\/api.w.org\/{rel}","templated":true}]}}