{"id":6863,"date":"2019-09-12T19:03:01","date_gmt":"2019-09-12T18:03:01","guid":{"rendered":"http:\/\/www.eva.sundstrom.st\/?p=6863"},"modified":"2019-09-12T19:03:01","modified_gmt":"2019-09-12T18:03:01","slug":"torsdag-129-19","status":"publish","type":"post","link":"https:\/\/eva.sundstrom.st\/?p=6863","title":{"rendered":"Torsdag 12\/9 -19"},"content":{"rendered":"<p><a href=\"http:\/\/www.eva.sundstrom.st\/wp-content\/upload\/IMG_2690.jpg\"><img loading=\"lazy\" decoding=\"async\" src=\"http:\/\/www.eva.sundstrom.st\/wp-content\/upload\/IMG_2690.jpg\" alt=\"IMG_2690\" width=\"300\" height=\"256\" class=\"aligncenter size-full wp-image-6864\" \/><\/a><\/p>\n<p>Bakade lite p\u00e5 f\u00f6rmiddagen dels till syskontr\u00e4ff som vi har p\u00e5 l\u00f6rdag, och f\u00f6r att ett barnbarn som fyller i oktober \u00f6nskade till sin f\u00f6delsedag. Gott att det g\u00e5r bra f\u00f6rvara i frysboxen.<\/p>\n<p>I g\u00e5r kv\u00e4ll var f\u00f6rsta knyppeltr\u00e4ffen f\u00f6r h\u00f6sten!<\/p>\n<p>Hade ju knypplat en del i sommar och tyckte det gick riktigt bra! Kanten hade jag visst hittat p\u00e5 en helt egen l\u00f6sning och sedan hade jag blandat alla korsningar och vridningar hej vilt! Blev liksom ett eget m\u00f6nster och jag tyckte det var l\u00e4ttare m\u00e5ste jag s\u00e4ga.<br \/>\nSka f\u00f6rs\u00f6ka g\u00f6ra sista biten &#8221;r\u00e4tt&#8221; p\u00e5 denna \u00f6vningsspets.<\/p>\n<p><a href=\"http:\/\/www.eva.sundstrom.st\/wp-content\/upload\/IMG_2701.jpg\"><img loading=\"lazy\" decoding=\"async\" src=\"http:\/\/www.eva.sundstrom.st\/wp-content\/upload\/IMG_2701.jpg\" alt=\"IMG_2701\" width=\"350\" height=\"317\" class=\"aligncenter size-full wp-image-6870\" srcset=\"https:\/\/eva.sundstrom.st\/wp-content\/upload\/IMG_2701.jpg 350w, https:\/\/eva.sundstrom.st\/wp-content\/upload\/IMG_2701-300x271.jpg 300w\" sizes=\"auto, (max-width: 350px) 100vw, 350px\" \/><\/a><\/p>\n<p>gick en sv\u00e4ng i tr\u00e4dg\u00e5rden i kv\u00e4ll! Blev s\u00e5 glad n\u00e4r jag s\u00e5g att en blomma p\u00e5 det m\u00f6rkbladig silveraxet hade slagit ut!<\/p>\n<p><a href=\"http:\/\/www.eva.sundstrom.st\/wp-content\/upload\/IMG_2694.jpg\"><img loading=\"lazy\" decoding=\"async\" src=\"http:\/\/www.eva.sundstrom.st\/wp-content\/upload\/IMG_2694.jpg\" alt=\"IMG_2694\" width=\"300\" height=\"321\" class=\"aligncenter size-full wp-image-6867\" srcset=\"https:\/\/eva.sundstrom.st\/wp-content\/upload\/IMG_2694.jpg 300w, https:\/\/eva.sundstrom.st\/wp-content\/upload\/IMG_2694-280x300.jpg 280w\" sizes=\"auto, (max-width: 300px) 100vw, 300px\" \/><\/a><\/p>\n<p>Dom \u00e4r s\u00e5 fina och doftar s\u00e5 gott!<\/p>\n<p><a href=\"http:\/\/www.eva.sundstrom.st\/wp-content\/upload\/IMG_2695.jpg\"><img loading=\"lazy\" decoding=\"async\" src=\"http:\/\/www.eva.sundstrom.st\/wp-content\/upload\/IMG_2695.jpg\" alt=\"IMG_2695\" width=\"300\" height=\"553\" class=\"aligncenter size-full wp-image-6868\" srcset=\"https:\/\/eva.sundstrom.st\/wp-content\/upload\/IMG_2695.jpg 300w, https:\/\/eva.sundstrom.st\/wp-content\/upload\/IMG_2695-162x300.jpg 162w\" sizes=\"auto, (max-width: 300px) 100vw, 300px\" \/><\/a><\/p>\n<p><a href=\"http:\/\/www.eva.sundstrom.st\/wp-content\/upload\/IMG_2691.jpg\"><img loading=\"lazy\" decoding=\"async\" src=\"http:\/\/www.eva.sundstrom.st\/wp-content\/upload\/IMG_2691.jpg\" alt=\"IMG_2691\" width=\"300\" height=\"275\" class=\"aligncenter size-full wp-image-6865\" \/><\/a><\/p>\n<p><a href=\"http:\/\/www.eva.sundstrom.st\/wp-content\/upload\/IMG_2692.jpg\"><img loading=\"lazy\" decoding=\"async\" src=\"http:\/\/www.eva.sundstrom.st\/wp-content\/upload\/IMG_2692.jpg\" alt=\"IMG_2692\" width=\"300\" height=\"360\" class=\"aligncenter size-full wp-image-6866\" srcset=\"https:\/\/eva.sundstrom.st\/wp-content\/upload\/IMG_2692.jpg 300w, https:\/\/eva.sundstrom.st\/wp-content\/upload\/IMG_2692-250x300.jpg 250w\" sizes=\"auto, (max-width: 300px) 100vw, 300px\" \/><\/a><\/p>\n<p><a href=\"http:\/\/www.eva.sundstrom.st\/wp-content\/upload\/IMG_2699.jpg\"><img loading=\"lazy\" decoding=\"async\" src=\"http:\/\/www.eva.sundstrom.st\/wp-content\/upload\/IMG_2699.jpg\" alt=\"IMG_2699\" width=\"300\" height=\"231\" class=\"aligncenter size-full wp-image-6869\" \/><\/a><\/p>\n<p>\u00c4n kan vi f\u00e5 m\u00e5nga fina h\u00f6stdagar!<br \/>\nHa det gott!<\/p>\n","protected":false},"excerpt":{"rendered":"<p>Bakade lite p\u00e5 f\u00f6rmiddagen dels till syskontr\u00e4ff som vi har p\u00e5 l\u00f6rdag, och f\u00f6r att ett barnbarn som fyller i oktober \u00f6nskade till sin f\u00f6delsedag. Gott att det g\u00e5r bra f\u00f6rvara i frysboxen. I g\u00e5r kv\u00e4ll var f\u00f6rsta knyppeltr\u00e4ffen f\u00f6r h\u00f6sten! Hade ju knypplat en del i sommar och tyckte det gick riktigt bra! Kanten [&hellip;]<\/p>\n","protected":false},"author":1,"featured_media":0,"comment_status":"open","ping_status":"open","sticky":false,"template":"","format":"standard","meta":{"footnotes":""},"categories":[4,9,12],"tags":[],"class_list":["post-6863","post","type-post","status-publish","format-standard","hentry","category-allmant","category-livet","category-tradgard"],"_links":{"self":[{"href":"https:\/\/eva.sundstrom.st\/index.php?rest_route=\/wp\/v2\/posts\/6863","targetHints":{"allow":["GET"]}}],"collection":[{"href":"https:\/\/eva.sundstrom.st\/index.php?rest_route=\/wp\/v2\/posts"}],"about":[{"href":"https:\/\/eva.sundstrom.st\/index.php?rest_route=\/wp\/v2\/types\/post"}],"author":[{"embeddable":true,"href":"https:\/\/eva.sundstrom.st\/index.php?rest_route=\/wp\/v2\/users\/1"}],"replies":[{"embeddable":true,"href":"https:\/\/eva.sundstrom.st\/index.php?rest_route=%2Fwp%2Fv2%2Fcomments&post=6863"}],"version-history":[{"count":2,"href":"https:\/\/eva.sundstrom.st\/index.php?rest_route=\/wp\/v2\/posts\/6863\/revisions"}],"predecessor-version":[{"id":6872,"href":"https:\/\/eva.sundstrom.st\/index.php?rest_route=\/wp\/v2\/posts\/6863\/revisions\/6872"}],"wp:attachment":[{"href":"https:\/\/eva.sundstrom.st\/index.php?rest_route=%2Fwp%2Fv2%2Fmedia&parent=6863"}],"wp:term":[{"taxonomy":"category","embeddable":true,"href":"https:\/\/eva.sundstrom.st\/index.php?rest_route=%2Fwp%2Fv2%2Fcategories&post=6863"},{"taxonomy":"post_tag","embeddable":true,"href":"https:\/\/eva.sundstrom.st\/index.php?rest_route=%2Fwp%2Fv2%2Ftags&post=6863"}],"curies":[{"name":"wp","href":"https:\/\/api.w.org\/{rel}","templated":true}]}}