{"id":6876,"date":"2019-09-17T09:10:52","date_gmt":"2019-09-17T08:10:52","guid":{"rendered":"http:\/\/www.eva.sundstrom.st\/?p=6876"},"modified":"2019-09-17T09:10:52","modified_gmt":"2019-09-17T08:10:52","slug":"blandat","status":"publish","type":"post","link":"https:\/\/eva.sundstrom.st\/?p=6876","title":{"rendered":"Blandat!"},"content":{"rendered":"<p>Fredag dag gick \u00e5t till att baka mumsbullar till syskontr\u00e4ffen!<\/p>\n<p><a href=\"http:\/\/www.eva.sundstrom.st\/wp-content\/upload\/IMG_2703.jpg\"><img loading=\"lazy\" decoding=\"async\" src=\"http:\/\/www.eva.sundstrom.st\/wp-content\/upload\/IMG_2703.jpg\" alt=\"IMG_2703\" width=\"295\" height=\"250\" class=\"aligncenter size-full wp-image-6877\" \/><\/a><\/p>\n<p>Fredagsst\u00e4da och planera mat vi skulle ha med p\u00e5 l\u00f6rdagen.<br \/>\nEn av s\u00f6nerna och tv\u00e5 barnbarn skulle ocks\u00e5 komma och vara med.<\/p>\n<p>Hela tiden s\u00e5g ja n\u00e5got orange i siveleraxet!<\/p>\n<p><a href=\"http:\/\/www.eva.sundstrom.st\/wp-content\/upload\/IMG_2710.jpg\"><img loading=\"lazy\" decoding=\"async\" src=\"http:\/\/www.eva.sundstrom.st\/wp-content\/upload\/IMG_2710.jpg\" alt=\"IMG_2710\" width=\"350\" height=\"435\" class=\"aligncenter size-full wp-image-6878\" srcset=\"https:\/\/eva.sundstrom.st\/wp-content\/upload\/IMG_2710.jpg 350w, https:\/\/eva.sundstrom.st\/wp-content\/upload\/IMG_2710-241x300.jpg 241w\" sizes=\"auto, (max-width: 350px) 100vw, 350px\" \/><\/a><\/p>\n<p>Dom hade kalas d\u00e4r!<\/p>\n<p>Fram\u00e5t kv\u00e4llningen tog vi en biltur till Askersund! <\/p>\n<p><a href=\"http:\/\/www.eva.sundstrom.st\/wp-content\/upload\/IMG_2715.jpg\"><img loading=\"lazy\" decoding=\"async\" src=\"http:\/\/www.eva.sundstrom.st\/wp-content\/upload\/IMG_2715.jpg\" alt=\"IMG_2715\" width=\"200\" height=\"121\" class=\"aligncenter size-full wp-image-6879\" \/><\/a><\/p>\n<p>Det var h\u00f6st d\u00e4r nu! V\u00e4ldigt lite folk ute och &#8221;v\u00e5rt&#8221; kaffest\u00e4lle hade st\u00e4ngt f\u00f6rs\u00e4songen.<\/p>\n<p>Det blev hotellkaffe och kaka i st\u00e4llet!<\/p>\n<p>L\u00f6rdag d\u00e5 och korgarna packas.<br \/>\nBullar som sagt och en annan kaka jag bakat skulle med.<br \/>\nMat och dricka!<br \/>\nHade planerat att ta en bild n\u00e4r kaffe bordet var uppdukat men av det blev intet!<br \/>\nVi har alltid syskontr\u00e4ff i september, den l\u00f6rdag som \u00e4r n\u00e4rmast det datum d\u00e5 v\u00e5r mor fyllde \u00e5r!<br \/>\nR\u00e4knar jag r\u00e4tt s\u00e5 skulle hon fyllt 106 \u00e5r i \u00e5r.<\/p>\n<p>Till kaffet \u00e4r det knytkalas och det bjuds p\u00e5 allt m\u00f6jligt gott!<\/p>\n<p>Vi \u00e4r i dag fyra systrar.<br \/>\nV\u00e5r \u00e4ldsta syster har l\u00e4mnat oss, men hennes barn kommer ofta och ibland \u00e4ven n\u00e5gra av deras barn.<br \/>\nVissa \u00e5r \u00e4r det m\u00e5nga kusiner och ibland \u00e4ven kusinbarn och till och med kusinbarnbarn!<br \/>\nRoligt s\u00e5 l\u00e4nge vi orkar h\u00e5lla ig\u00e5ng denna tradition.<br \/>\nVi g\u00e5r ocks\u00e5 \u00f6ver till kyrkog\u00e5rden och ser till gravarna d\u00e4r \u00e4ldre generationer vilar.<\/p>\n<p><a href=\"http:\/\/www.eva.sundstrom.st\/wp-content\/upload\/IMG_2722.jpg\"><img loading=\"lazy\" decoding=\"async\" src=\"http:\/\/www.eva.sundstrom.st\/wp-content\/upload\/IMG_2722.jpg\" alt=\"IMG_2722\" width=\"200\" height=\"170\" class=\"aligncenter size-full wp-image-6881\" \/><\/a><\/p>\n<p>Fick f\u00f6rm\u00e5nen att natta barnbarnen som sov \u00f6ver h\u00e4r till s\u00f6ndag. \u00c4n och d\u00e5 ska vi sjunga N\u00e4r trollmor har lag de 11 sm\u00e5, Lille katt och Vem kan segla f\u00f6rutan vind!<\/p>\n<p>Eftermiddagsfika men dotter som hade v\u00e4gen f\u00f6rbi och resten av s\u00f6ndagen gick i \u00e5terh\u00e4mtningens tecken! <\/p>\n<p>En fin helg som gett m\u00e5nga goda minnen!<br \/>\nI dag \u00e4r det tisdag och jag ska forts\u00e4tta med att reng\u00f6ra krukor, karda ull och f\u00f6rhoppningsvis hinna spinna lite!<\/p>\n","protected":false},"excerpt":{"rendered":"<p>Fredag dag gick \u00e5t till att baka mumsbullar till syskontr\u00e4ffen! Fredagsst\u00e4da och planera mat vi skulle ha med p\u00e5 l\u00f6rdagen. En av s\u00f6nerna och tv\u00e5 barnbarn skulle ocks\u00e5 komma och vara med. Hela tiden s\u00e5g ja n\u00e5got orange i siveleraxet! Dom hade kalas d\u00e4r! Fram\u00e5t kv\u00e4llningen tog vi en biltur till Askersund! Det var h\u00f6st [&hellip;]<\/p>\n","protected":false},"author":1,"featured_media":0,"comment_status":"open","ping_status":"open","sticky":false,"template":"","format":"standard","meta":{"footnotes":""},"categories":[9,1],"tags":[],"class_list":["post-6876","post","type-post","status-publish","format-standard","hentry","category-livet","category-uncategorized"],"_links":{"self":[{"href":"https:\/\/eva.sundstrom.st\/index.php?rest_route=\/wp\/v2\/posts\/6876","targetHints":{"allow":["GET"]}}],"collection":[{"href":"https:\/\/eva.sundstrom.st\/index.php?rest_route=\/wp\/v2\/posts"}],"about":[{"href":"https:\/\/eva.sundstrom.st\/index.php?rest_route=\/wp\/v2\/types\/post"}],"author":[{"embeddable":true,"href":"https:\/\/eva.sundstrom.st\/index.php?rest_route=\/wp\/v2\/users\/1"}],"replies":[{"embeddable":true,"href":"https:\/\/eva.sundstrom.st\/index.php?rest_route=%2Fwp%2Fv2%2Fcomments&post=6876"}],"version-history":[{"count":3,"href":"https:\/\/eva.sundstrom.st\/index.php?rest_route=\/wp\/v2\/posts\/6876\/revisions"}],"predecessor-version":[{"id":6885,"href":"https:\/\/eva.sundstrom.st\/index.php?rest_route=\/wp\/v2\/posts\/6876\/revisions\/6885"}],"wp:attachment":[{"href":"https:\/\/eva.sundstrom.st\/index.php?rest_route=%2Fwp%2Fv2%2Fmedia&parent=6876"}],"wp:term":[{"taxonomy":"category","embeddable":true,"href":"https:\/\/eva.sundstrom.st\/index.php?rest_route=%2Fwp%2Fv2%2Fcategories&post=6876"},{"taxonomy":"post_tag","embeddable":true,"href":"https:\/\/eva.sundstrom.st\/index.php?rest_route=%2Fwp%2Fv2%2Ftags&post=6876"}],"curies":[{"name":"wp","href":"https:\/\/api.w.org\/{rel}","templated":true}]}}