{"id":69,"date":"2007-06-21T20:21:51","date_gmt":"2007-06-21T19:21:51","guid":{"rendered":"http:\/\/www.eva.sundstrom.st\/?p=69"},"modified":"2007-06-21T20:21:52","modified_gmt":"2007-06-21T19:21:52","slug":"redan-21-juni","status":"publish","type":"post","link":"https:\/\/eva.sundstrom.st\/?p=69","title":{"rendered":"Redan 21 Juni"},"content":{"rendered":"<p>Vart tar tiden v\u00e4gen?<br \/>\n&#8221;Sommaren \u00e4r kort, det mesta stressas bort&#8221;<br \/>\n Man borde nog stanna upp lite oftare och v\u00e4nta in sj\u00e4len. Dom h\u00e4r tr\u00e4dg\u00e5rdsrundorna som jag blivit inspirerad till i sommar \u00e4r nog rena h\u00e4lsan f\u00f6r v\u00e4lbefinnandet. Att bara g\u00e5 runt och titta och verkligen SE varje enskild blomma.<br \/>\nI \u00e5r tycker jag att steppsalvian blommar mer \u00e4n vanligt. <\/p>\n<p><a href='http:\/\/www.eva.sundstrom.st\/wp-content\/upload\/dsc00231.jpg' title='dsc00231.jpg'><img src='http:\/\/www.eva.sundstrom.st\/wp-content\/upload\/dsc00231.tumnagel.jpg' alt='dsc00231.jpg' \/><\/a><\/p>\n<p>Nu vet jag ju inte om det verkligen \u00e4r s\u00e5 eller om det \u00e4r jag som tycker det f\u00f6r att jag har studerat den mer i \u00e5r. Den bl\u00e5 f\u00e4rgen tilltalar mig.<\/p>\n<p>S\u00e5 en bild p\u00e5 en sjal som \u00e4r virkad i bl\u00e5melerat Lovisa garn. Inspiration till den fick jag av<br \/>\n<a href=\"http:\/\/alltid-stickning.bloggagratis.se\">\u00c5sa p\u00e5 Alltid Stickning<\/a><\/p>\n<p><a href='http:\/\/www.eva.sundstrom.st\/wp-content\/upload\/dsc00239.jpg' title='dsc00239.jpg'><img src='http:\/\/www.eva.sundstrom.st\/wp-content\/upload\/dsc00239.tumnagel.jpg' alt='dsc00239.jpg' \/><\/a><\/p>\n<p>Resten av kv\u00e4llen ska \u00e4gnas \u00e5t stickning. I morgon v\u00e4ntas tv\u00e5 av barnen hem med sin hj\u00e4rtev\u00e4nner. Det ser jag fram emot.<br \/>\nTrevlig midsommar och m\u00e5 gott.<\/p>\n","protected":false},"excerpt":{"rendered":"<p>Vart tar tiden v\u00e4gen? &#8221;Sommaren \u00e4r kort, det mesta stressas bort&#8221; Man borde nog stanna upp lite oftare och v\u00e4nta in sj\u00e4len. Dom h\u00e4r tr\u00e4dg\u00e5rdsrundorna som jag blivit inspirerad till i sommar \u00e4r nog rena h\u00e4lsan f\u00f6r v\u00e4lbefinnandet. Att bara g\u00e5 runt och titta och verkligen SE varje enskild blomma. I \u00e5r tycker jag att [&hellip;]<\/p>\n","protected":false},"author":1,"featured_media":0,"comment_status":"open","ping_status":"open","sticky":false,"template":"","format":"standard","meta":{"footnotes":""},"categories":[1],"tags":[],"class_list":["post-69","post","type-post","status-publish","format-standard","hentry","category-uncategorized"],"_links":{"self":[{"href":"https:\/\/eva.sundstrom.st\/index.php?rest_route=\/wp\/v2\/posts\/69","targetHints":{"allow":["GET"]}}],"collection":[{"href":"https:\/\/eva.sundstrom.st\/index.php?rest_route=\/wp\/v2\/posts"}],"about":[{"href":"https:\/\/eva.sundstrom.st\/index.php?rest_route=\/wp\/v2\/types\/post"}],"author":[{"embeddable":true,"href":"https:\/\/eva.sundstrom.st\/index.php?rest_route=\/wp\/v2\/users\/1"}],"replies":[{"embeddable":true,"href":"https:\/\/eva.sundstrom.st\/index.php?rest_route=%2Fwp%2Fv2%2Fcomments&post=69"}],"version-history":[{"count":0,"href":"https:\/\/eva.sundstrom.st\/index.php?rest_route=\/wp\/v2\/posts\/69\/revisions"}],"wp:attachment":[{"href":"https:\/\/eva.sundstrom.st\/index.php?rest_route=%2Fwp%2Fv2%2Fmedia&parent=69"}],"wp:term":[{"taxonomy":"category","embeddable":true,"href":"https:\/\/eva.sundstrom.st\/index.php?rest_route=%2Fwp%2Fv2%2Fcategories&post=69"},{"taxonomy":"post_tag","embeddable":true,"href":"https:\/\/eva.sundstrom.st\/index.php?rest_route=%2Fwp%2Fv2%2Ftags&post=69"}],"curies":[{"name":"wp","href":"https:\/\/api.w.org\/{rel}","templated":true}]}}