{"id":6959,"date":"2019-10-21T17:13:17","date_gmt":"2019-10-21T16:13:17","guid":{"rendered":"http:\/\/www.eva.sundstrom.st\/?p=6959"},"modified":"2019-10-21T17:13:17","modified_gmt":"2019-10-21T16:13:17","slug":"helgen-18-1910-2019","status":"publish","type":"post","link":"https:\/\/eva.sundstrom.st\/?p=6959","title":{"rendered":"Helgen 18-19\/10 2019"},"content":{"rendered":"<p>Gr\u00e4ver i alla garnbackar och hittar n\u00e5gra h\u00e4rvor fr\u00e5n tidig spinntid!<\/p>\n<p><a href=\"http:\/\/www.eva.sundstrom.st\/wp-content\/upload\/IMG_2902.jpg\"><img loading=\"lazy\" decoding=\"async\" src=\"http:\/\/www.eva.sundstrom.st\/wp-content\/upload\/IMG_2902.jpg\" alt=\"IMG_2902\" width=\"400\" height=\"375\" class=\"aligncenter size-full wp-image-6960\" srcset=\"https:\/\/eva.sundstrom.st\/wp-content\/upload\/IMG_2902.jpg 400w, https:\/\/eva.sundstrom.st\/wp-content\/upload\/IMG_2902-300x281.jpg 300w\" sizes=\"auto, (max-width: 400px) 100vw, 400px\" \/><\/a><\/p>\n<p>Vill b\u00f6rja p\u00e5 den d\u00e4r mysterievirkningen p\u00e5 fb!<br \/>\nDet h\u00e4r f\u00e5r duga!<\/p>\n<p>Vikt och l\u00e4ngd st\u00e4mmer ju inte med n\u00e5got k\u00f6pegarn s\u00e5 jag f\u00e5r s\u00e4kert skarva b\u00e5de h\u00e4r och d\u00e4r!<\/p>\n<p><a href=\"http:\/\/www.eva.sundstrom.st\/wp-content\/upload\/IMG_2911.jpg\"><img loading=\"lazy\" decoding=\"async\" src=\"http:\/\/www.eva.sundstrom.st\/wp-content\/upload\/IMG_2911.jpg\" alt=\"IMG_2911\" width=\"400\" height=\"300\" class=\"aligncenter size-full wp-image-6961\" srcset=\"https:\/\/eva.sundstrom.st\/wp-content\/upload\/IMG_2911.jpg 400w, https:\/\/eva.sundstrom.st\/wp-content\/upload\/IMG_2911-300x225.jpg 300w\" sizes=\"auto, (max-width: 400px) 100vw, 400px\" \/><\/a><\/p>\n<p>Hade bes\u00f6k av barnbarn s\u00e5 det blev en sp\u00e4nnande skogspromenad p\u00e5 l\u00f6rdagens eftermiddag!<br \/>\nDessv\u00e4rre var jag d\u00e5lig med kameran vilket k\u00e4nns surt i efterhand!<\/p>\n<p><a href=\"http:\/\/www.eva.sundstrom.st\/wp-content\/upload\/IMG_2912-1.jpg\"><img loading=\"lazy\" decoding=\"async\" src=\"http:\/\/www.eva.sundstrom.st\/wp-content\/upload\/IMG_2912-1.jpg\" alt=\"IMG_2912 (1)\" width=\"400\" height=\"393\" class=\"aligncenter size-full wp-image-6962\" srcset=\"https:\/\/eva.sundstrom.st\/wp-content\/upload\/IMG_2912-1.jpg 400w, https:\/\/eva.sundstrom.st\/wp-content\/upload\/IMG_2912-1-300x294.jpg 300w\" sizes=\"auto, (max-width: 400px) 100vw, 400px\" \/><\/a><\/p>\n<p>S\u00f6ndag anl\u00e4nder och vi firar mormors finast Jonathan som fyller 10 \u00e5r n\u00e4sta helg. D\u00e5 kan vi inte tr\u00e4ffas s\u00e5 d\u00e4rf\u00f6r firar vi nu.<br \/>\nT\u00e5rtan har han garnerat sj\u00e4lv!<\/p>\n<p>Kusinerna Elvira och Arvid kom ocks\u00e5 s\u00e5 det var full rulle i v\u00e5rt lilla hus!<br \/>\nS\u00e5 h\u00e4rligt med dessa sm\u00e5!<\/p>\n<p>N\u00e4r alla \u00e5kt hem k\u00e4nns huset pl\u00f6tsligt stort och tyst!<\/p>\n<p>Mormor\/farmor forts\u00e4tter virka och inser att vid n\u00e4sta f\u00e4rgbyte f\u00e5r jag lov att sj\u00e4lv best\u00e4mma f\u00e4rg!<br \/>\n<a href=\"http:\/\/www.eva.sundstrom.st\/wp-content\/upload\/IMG_2922-1.jpg\"><img loading=\"lazy\" decoding=\"async\" src=\"http:\/\/www.eva.sundstrom.st\/wp-content\/upload\/IMG_2922-1.jpg\" alt=\"IMG_2922 (1)\" width=\"350\" height=\"428\" class=\"aligncenter size-full wp-image-6963\" srcset=\"https:\/\/eva.sundstrom.st\/wp-content\/upload\/IMG_2922-1.jpg 350w, https:\/\/eva.sundstrom.st\/wp-content\/upload\/IMG_2922-1-245x300.jpg 245w\" sizes=\"auto, (max-width: 350px) 100vw, 350px\" \/><\/a><\/p>\n<p>Socktober f\u00e5r v\u00e4nta! Tv\u00e5 p\u00e5b\u00f6rjade sockor ligger i korgen!<\/p>\n","protected":false},"excerpt":{"rendered":"<p>Gr\u00e4ver i alla garnbackar och hittar n\u00e5gra h\u00e4rvor fr\u00e5n tidig spinntid! Vill b\u00f6rja p\u00e5 den d\u00e4r mysterievirkningen p\u00e5 fb! Det h\u00e4r f\u00e5r duga! Vikt och l\u00e4ngd st\u00e4mmer ju inte med n\u00e5got k\u00f6pegarn s\u00e5 jag f\u00e5r s\u00e4kert skarva b\u00e5de h\u00e4r och d\u00e4r! Hade bes\u00f6k av barnbarn s\u00e5 det blev en sp\u00e4nnande skogspromenad p\u00e5 l\u00f6rdagens eftermiddag! Dessv\u00e4rre [&hellip;]<\/p>\n","protected":false},"author":1,"featured_media":0,"comment_status":"open","ping_status":"open","sticky":false,"template":"","format":"standard","meta":{"footnotes":""},"categories":[13,9,1],"tags":[],"class_list":["post-6959","post","type-post","status-publish","format-standard","hentry","category-hantverk","category-livet","category-uncategorized"],"_links":{"self":[{"href":"https:\/\/eva.sundstrom.st\/index.php?rest_route=\/wp\/v2\/posts\/6959","targetHints":{"allow":["GET"]}}],"collection":[{"href":"https:\/\/eva.sundstrom.st\/index.php?rest_route=\/wp\/v2\/posts"}],"about":[{"href":"https:\/\/eva.sundstrom.st\/index.php?rest_route=\/wp\/v2\/types\/post"}],"author":[{"embeddable":true,"href":"https:\/\/eva.sundstrom.st\/index.php?rest_route=\/wp\/v2\/users\/1"}],"replies":[{"embeddable":true,"href":"https:\/\/eva.sundstrom.st\/index.php?rest_route=%2Fwp%2Fv2%2Fcomments&post=6959"}],"version-history":[{"count":7,"href":"https:\/\/eva.sundstrom.st\/index.php?rest_route=\/wp\/v2\/posts\/6959\/revisions"}],"predecessor-version":[{"id":6970,"href":"https:\/\/eva.sundstrom.st\/index.php?rest_route=\/wp\/v2\/posts\/6959\/revisions\/6970"}],"wp:attachment":[{"href":"https:\/\/eva.sundstrom.st\/index.php?rest_route=%2Fwp%2Fv2%2Fmedia&parent=6959"}],"wp:term":[{"taxonomy":"category","embeddable":true,"href":"https:\/\/eva.sundstrom.st\/index.php?rest_route=%2Fwp%2Fv2%2Fcategories&post=6959"},{"taxonomy":"post_tag","embeddable":true,"href":"https:\/\/eva.sundstrom.st\/index.php?rest_route=%2Fwp%2Fv2%2Ftags&post=6959"}],"curies":[{"name":"wp","href":"https:\/\/api.w.org\/{rel}","templated":true}]}}