{"id":7013,"date":"2019-11-14T12:52:36","date_gmt":"2019-11-14T11:52:36","guid":{"rendered":"http:\/\/www.eva.sundstrom.st\/?p=7013"},"modified":"2019-11-14T12:52:36","modified_gmt":"2019-11-14T11:52:36","slug":"stickat-denna-gang","status":"publish","type":"post","link":"https:\/\/eva.sundstrom.st\/?p=7013","title":{"rendered":"Stickat denna g\u00e5ng!"},"content":{"rendered":"<p>Nya sockor  d\u00e4r banderollen kom bort. Dessutom minns jag inte vad garnet hette!<\/p>\n<p><a href=\"http:\/\/www.eva.sundstrom.st\/wp-content\/upload\/IMG_3043.jpg\"><img loading=\"lazy\" decoding=\"async\" src=\"http:\/\/www.eva.sundstrom.st\/wp-content\/upload\/IMG_3043.jpg\" alt=\"IMG_3043\" width=\"300\" height=\"204\" class=\"aligncenter size-full wp-image-7016\" \/><\/a><\/p>\n<p>Passar nog \u00e4nd\u00e5 till st. 37-38. Det \u00e4r lite tunnare garn.<\/p>\n<p>Nya sockor stickade i hemspunnet garn som inte riktigt r\u00e4ckte utan fick skarva i t\u00e5n med annat, \u00e4ven det hemspunnet!<\/p>\n<p><a href=\"http:\/\/www.eva.sundstrom.st\/wp-content\/upload\/IMG_3041.jpg\"><img loading=\"lazy\" decoding=\"async\" src=\"http:\/\/www.eva.sundstrom.st\/wp-content\/upload\/IMG_3041.jpg\" alt=\"IMG_3041\" width=\"300\" height=\"225\" class=\"aligncenter size-full wp-image-7014\" \/><\/a><\/p>\n<p>St 36-37<\/p>\n<p> Och s\u00e5 ett par nya f\u00f6tter i gamla skaft! H\u00e4r \u00e4r garnet svenskullgarn k\u00f6pt p\u00e5 Kampes!<\/p>\n<p><a href=\"http:\/\/www.eva.sundstrom.st\/wp-content\/upload\/IMG_3042.jpg\"><img loading=\"lazy\" decoding=\"async\" src=\"http:\/\/www.eva.sundstrom.st\/wp-content\/upload\/IMG_3042.jpg\" alt=\"IMG_3042\" width=\"300\" height=\"206\" class=\"aligncenter size-full wp-image-7015\" \/><\/a><\/p>\n<p>Storlek 42! <\/p>\n","protected":false},"excerpt":{"rendered":"<p>Nya sockor d\u00e4r banderollen kom bort. Dessutom minns jag inte vad garnet hette! Passar nog \u00e4nd\u00e5 till st. 37-38. Det \u00e4r lite tunnare garn. Nya sockor stickade i hemspunnet garn som inte riktigt r\u00e4ckte utan fick skarva i t\u00e5n med annat, \u00e4ven det hemspunnet! St 36-37 Och s\u00e5 ett par nya f\u00f6tter i gamla skaft! [&hellip;]<\/p>\n","protected":false},"author":1,"featured_media":0,"comment_status":"open","ping_status":"open","sticky":false,"template":"","format":"standard","meta":{"footnotes":""},"categories":[13],"tags":[],"class_list":["post-7013","post","type-post","status-publish","format-standard","hentry","category-hantverk"],"_links":{"self":[{"href":"https:\/\/eva.sundstrom.st\/index.php?rest_route=\/wp\/v2\/posts\/7013","targetHints":{"allow":["GET"]}}],"collection":[{"href":"https:\/\/eva.sundstrom.st\/index.php?rest_route=\/wp\/v2\/posts"}],"about":[{"href":"https:\/\/eva.sundstrom.st\/index.php?rest_route=\/wp\/v2\/types\/post"}],"author":[{"embeddable":true,"href":"https:\/\/eva.sundstrom.st\/index.php?rest_route=\/wp\/v2\/users\/1"}],"replies":[{"embeddable":true,"href":"https:\/\/eva.sundstrom.st\/index.php?rest_route=%2Fwp%2Fv2%2Fcomments&post=7013"}],"version-history":[{"count":3,"href":"https:\/\/eva.sundstrom.st\/index.php?rest_route=\/wp\/v2\/posts\/7013\/revisions"}],"predecessor-version":[{"id":7019,"href":"https:\/\/eva.sundstrom.st\/index.php?rest_route=\/wp\/v2\/posts\/7013\/revisions\/7019"}],"wp:attachment":[{"href":"https:\/\/eva.sundstrom.st\/index.php?rest_route=%2Fwp%2Fv2%2Fmedia&parent=7013"}],"wp:term":[{"taxonomy":"category","embeddable":true,"href":"https:\/\/eva.sundstrom.st\/index.php?rest_route=%2Fwp%2Fv2%2Fcategories&post=7013"},{"taxonomy":"post_tag","embeddable":true,"href":"https:\/\/eva.sundstrom.st\/index.php?rest_route=%2Fwp%2Fv2%2Ftags&post=7013"}],"curies":[{"name":"wp","href":"https:\/\/api.w.org\/{rel}","templated":true}]}}