{"id":7115,"date":"2019-12-27T15:10:20","date_gmt":"2019-12-27T14:10:20","guid":{"rendered":"http:\/\/www.eva.sundstrom.st\/?p=7115"},"modified":"2019-12-27T19:34:50","modified_gmt":"2019-12-27T18:34:50","slug":"mellandagar-2019","status":"publish","type":"post","link":"https:\/\/eva.sundstrom.st\/?p=7115","title":{"rendered":"Mellandagar 2019"},"content":{"rendered":"<p>En lugn dag!<br \/>\nHuset har blivit tomt och \u00f6dsligt efter helgens olika bes\u00f6k.<\/p>\n<p>Dammsuger och tv\u00e4ttar lite!<br \/>\nHar inte ro i kroppen att starta upp n\u00e5got handarbete. Kanske f\u00e4sta lite tr\u00e5dar i grytlappar som \u00e4r f\u00e4rdigstickade!<\/p>\n<p>P\u00e5 morgonen i dag trodde jag att det fanns lite hopp om liiite sol i dag!<br \/>\nDet varade bara ett \u00f6gonblick. <\/p>\n<p>Har inte regnat  iallafall, kom lite sn\u00f6puder i g\u00e5r kv\u00e4ll och i dag har det varit minusgrader.<\/p>\n<p>Byns finast gran<\/p>\n<p><a href=\"http:\/\/www.eva.sundstrom.st\/wp-content\/upload\/IMG_3209-1.jpg\"><img loading=\"lazy\" decoding=\"async\" src=\"http:\/\/www.eva.sundstrom.st\/wp-content\/upload\/IMG_3209-1.jpg\" alt=\"IMG_3209 (1)\" width=\"615\" height=\"614\" class=\"aligncenter size-full wp-image-7119\" srcset=\"https:\/\/eva.sundstrom.st\/wp-content\/upload\/IMG_3209-1.jpg 615w, https:\/\/eva.sundstrom.st\/wp-content\/upload\/IMG_3209-1-150x150.jpg 150w, https:\/\/eva.sundstrom.st\/wp-content\/upload\/IMG_3209-1-300x300.jpg 300w\" sizes=\"auto, (max-width: 615px) 100vw, 615px\" \/><\/a><\/p>\n<p>Barnbarnens nissebo<\/p>\n<p><a href=\"http:\/\/www.eva.sundstrom.st\/wp-content\/upload\/IMG_3172.jpg\"><img loading=\"lazy\" decoding=\"async\" src=\"http:\/\/www.eva.sundstrom.st\/wp-content\/upload\/IMG_3172.jpg\" alt=\"IMG_3172\" width=\"450\" height=\"612\" class=\"aligncenter size-full wp-image-7117\" srcset=\"https:\/\/eva.sundstrom.st\/wp-content\/upload\/IMG_3172.jpg 450w, https:\/\/eva.sundstrom.st\/wp-content\/upload\/IMG_3172-220x300.jpg 220w\" sizes=\"auto, (max-width: 450px) 100vw, 450px\" \/><\/a><\/p>\n<p>\u00c5rets upplag av v\u00e5r minigran<\/p>\n<p><a href=\"http:\/\/www.eva.sundstrom.st\/wp-content\/upload\/IMG_3208.jpg\"><img loading=\"lazy\" decoding=\"async\" src=\"http:\/\/www.eva.sundstrom.st\/wp-content\/upload\/IMG_3208.jpg\" alt=\"IMG_3208\" width=\"460\" height=\"613\" class=\"aligncenter size-full wp-image-7118\" srcset=\"https:\/\/eva.sundstrom.st\/wp-content\/upload\/IMG_3208.jpg 460w, https:\/\/eva.sundstrom.st\/wp-content\/upload\/IMG_3208-225x300.jpg 225w\" sizes=\"auto, (max-width: 460px) 100vw, 460px\" \/><\/a><\/p>\n<p>Och en julklapp som ett av barnbaren gjort till farmor!<br \/>\nLagom att ha tv\u00e5 varv runt halsen!<\/p>\n<p><a href=\"http:\/\/www.eva.sundstrom.st\/wp-content\/upload\/IMG_3215.jpg\"><img loading=\"lazy\" decoding=\"async\" src=\"http:\/\/www.eva.sundstrom.st\/wp-content\/upload\/IMG_3215.jpg\" alt=\"IMG_3215\" width=\"520\" height=\"614\" class=\"aligncenter size-full wp-image-7120\" srcset=\"https:\/\/eva.sundstrom.st\/wp-content\/upload\/IMG_3215.jpg 520w, https:\/\/eva.sundstrom.st\/wp-content\/upload\/IMG_3215-254x300.jpg 254w\" sizes=\"auto, (max-width: 520px) 100vw, 520px\" \/><\/a><\/p>\n<p>God forts\u00e4ttning p\u00e5 helgerna!<\/p>\n<p>Uppdatering!<\/p>\n<p><a href=\"http:\/\/www.eva.sundstrom.st\/wp-content\/upload\/IMG_3216.jpg\"><img loading=\"lazy\" decoding=\"async\" src=\"http:\/\/www.eva.sundstrom.st\/wp-content\/upload\/IMG_3216.jpg\" alt=\"IMG_3216\" width=\"650\" height=\"517\" class=\"aligncenter size-full wp-image-7125\" srcset=\"https:\/\/eva.sundstrom.st\/wp-content\/upload\/IMG_3216.jpg 650w, https:\/\/eva.sundstrom.st\/wp-content\/upload\/IMG_3216-300x238.jpg 300w\" sizes=\"auto, (max-width: 650px) 100vw, 650px\" \/><\/a><\/p>\n<p>S\u00e5 har jag &#8221;f\u00e4stat&#8221; lite i kv\u00e4ll och tv\u00e5 par till \u00e4r klara! Kallas detta mani?<\/p>\n<p>Godnatt!<\/p>\n","protected":false},"excerpt":{"rendered":"<p>En lugn dag! Huset har blivit tomt och \u00f6dsligt efter helgens olika bes\u00f6k. Dammsuger och tv\u00e4ttar lite! Har inte ro i kroppen att starta upp n\u00e5got handarbete. Kanske f\u00e4sta lite tr\u00e5dar i grytlappar som \u00e4r f\u00e4rdigstickade! P\u00e5 morgonen i dag trodde jag att det fanns lite hopp om liiite sol i dag! Det varade bara [&hellip;]<\/p>\n","protected":false},"author":1,"featured_media":0,"comment_status":"open","ping_status":"open","sticky":false,"template":"","format":"standard","meta":{"footnotes":""},"categories":[4,9],"tags":[],"class_list":["post-7115","post","type-post","status-publish","format-standard","hentry","category-allmant","category-livet"],"_links":{"self":[{"href":"https:\/\/eva.sundstrom.st\/index.php?rest_route=\/wp\/v2\/posts\/7115","targetHints":{"allow":["GET"]}}],"collection":[{"href":"https:\/\/eva.sundstrom.st\/index.php?rest_route=\/wp\/v2\/posts"}],"about":[{"href":"https:\/\/eva.sundstrom.st\/index.php?rest_route=\/wp\/v2\/types\/post"}],"author":[{"embeddable":true,"href":"https:\/\/eva.sundstrom.st\/index.php?rest_route=\/wp\/v2\/users\/1"}],"replies":[{"embeddable":true,"href":"https:\/\/eva.sundstrom.st\/index.php?rest_route=%2Fwp%2Fv2%2Fcomments&post=7115"}],"version-history":[{"count":5,"href":"https:\/\/eva.sundstrom.st\/index.php?rest_route=\/wp\/v2\/posts\/7115\/revisions"}],"predecessor-version":[{"id":7127,"href":"https:\/\/eva.sundstrom.st\/index.php?rest_route=\/wp\/v2\/posts\/7115\/revisions\/7127"}],"wp:attachment":[{"href":"https:\/\/eva.sundstrom.st\/index.php?rest_route=%2Fwp%2Fv2%2Fmedia&parent=7115"}],"wp:term":[{"taxonomy":"category","embeddable":true,"href":"https:\/\/eva.sundstrom.st\/index.php?rest_route=%2Fwp%2Fv2%2Fcategories&post=7115"},{"taxonomy":"post_tag","embeddable":true,"href":"https:\/\/eva.sundstrom.st\/index.php?rest_route=%2Fwp%2Fv2%2Ftags&post=7115"}],"curies":[{"name":"wp","href":"https:\/\/api.w.org\/{rel}","templated":true}]}}